{"id":1128,"date":"2023-06-05T15:13:31","date_gmt":"2023-06-05T13:13:31","guid":{"rendered":"https:\/\/ambtirana.esteri.it\/news\/dall_ambasciata\/2023\/06\/2-giugno-l-ambasciata-d-italia\/"},"modified":"2023-06-05T15:13:31","modified_gmt":"2023-06-05T13:13:31","slug":"2-giugno-l-ambasciata-d-italia","status":"publish","type":"post","link":"https:\/\/ambtirana.esteri.it\/it\/news\/dall_ambasciata\/2023\/06\/2-giugno-l-ambasciata-d-italia\/","title":{"rendered":"2 Giugno: l\u2019Ambasciata d\u2019Italia a Tirana celebra la Festa della Repubblica"},"content":{"rendered":"<p><img decoding=\"async\" src=\"resource\/img\/2023\/06\/2_giugno_rrr_0.png\" alt=\"\" width=\"750\" \/><\/p>\n<p>\u00a0<\/p>\n<p>\u00a0<\/p>\n<p style=\"text-align: justify;\">Nella splendida e coloratissima Sheshi Italia si sono svolte le celebrazioni della Festa della Repubblica Italiana.<\/p>\n<p style=\"text-align: justify;\">L\u2019Ambasciatore Bucci con il suo discorso ha ricordato il profondo legame di amicizia che tiene insieme l\u2019Italia e l\u2019Albania, non pi\u00f9 separate, ma connesse dal Mare Adriatico, che ormai funge da ponte tra i due Paesi. Il ricevimento \u00e8 stato seguito da un concerto dedicato alle pi\u00f9 grandi canzoni italiane, sulle note di \u201cSanremo \u00e8 Sanremo\u201d e dall\u2019inaugurazione del Pizza Village, con degustazione delle pizze preparate dai maestri pizzaioli napoletani.<\/p>\n<p style=\"text-align: justify;\">La serata \u00e8 stata caratterizzata dalla presenza delle pi\u00f9 alte cariche istituzionali albanesi: dal Presidente della Repubblica, Bajram Begaj, al Presidente del Consiglio, Edi Rama, ai Ministri e al Sindaco di Tirana Erion Veliaj.<\/p>\n<p style=\"text-align: justify;\">\u00a0<\/p>\n","protected":false},"excerpt":{"rendered":"\u00a0 \u00a0 Nella splendida e coloratissima Sheshi Italia si sono svolte le celebrazioni della Festa della Repubblica Italiana. L\u2019Ambasciatore Bucci con il suo discorso ha ricordato il profondo legame di amicizia che tiene insieme l\u2019Italia e l\u2019Albania, non pi\u00f9 separate, ma connesse dal Mare Adriatico, che ormai funge da ponte tra i due Paesi. Il [&hellip;]","protected":false},"author":1,"featured_media":0,"comment_status":"","ping_status":"","sticky":false,"template":"","format":"standard","meta":{"footnotes":""},"tags":[],"class_list":["post-1128","post","type-post","status-publish","format-standard","hentry"],"_links":{"self":[{"href":"https:\/\/ambtirana.esteri.it\/it\/wp-json\/wp\/v2\/posts\/1128","targetHints":{"allow":["GET"]}}],"collection":[{"href":"https:\/\/ambtirana.esteri.it\/it\/wp-json\/wp\/v2\/posts"}],"about":[{"href":"https:\/\/ambtirana.esteri.it\/it\/wp-json\/wp\/v2\/types\/post"}],"author":[{"embeddable":true,"href":"https:\/\/ambtirana.esteri.it\/it\/wp-json\/wp\/v2\/users\/1"}],"replies":[{"embeddable":true,"href":"https:\/\/ambtirana.esteri.it\/it\/wp-json\/wp\/v2\/comments?post=1128"}],"version-history":[{"count":0,"href":"https:\/\/ambtirana.esteri.it\/it\/wp-json\/wp\/v2\/posts\/1128\/revisions"}],"wp:attachment":[{"href":"https:\/\/ambtirana.esteri.it\/it\/wp-json\/wp\/v2\/media?parent=1128"}],"wp:term":[{"taxonomy":"post_tag","embeddable":true,"href":"https:\/\/ambtirana.esteri.it\/it\/wp-json\/wp\/v2\/tags?post=1128"}],"curies":[{"name":"wp","href":"https:\/\/api.w.org\/{rel}","templated":true}]}}