{"id":1282,"date":"2022-11-18T14:48:24","date_gmt":"2022-11-18T13:48:24","guid":{"rendered":"https:\/\/ambtirana.esteri.it\/news\/dall_ambasciata\/2022\/11\/settimana-della-cucina-italiana_0\/"},"modified":"2022-11-18T14:48:24","modified_gmt":"2022-11-18T13:48:24","slug":"settimana-della-cucina-italiana_0","status":"publish","type":"post","link":"https:\/\/ambtirana.esteri.it\/it\/news\/dall_ambasciata\/2022\/11\/settimana-della-cucina-italiana_0\/","title":{"rendered":"VII Settimana della Cucina Italiana nel Mondo 14.-20.11.2022"},"content":{"rendered":"<p style=\"text-align: justify;\">La settima edizione della <strong>Settimana della Cucina Italiana nel Mondo<\/strong> <strong>(SCIM)\u00a014-20 novembre 2022<\/strong> ha\u00a0come tema portante <strong>&#8220;Convivialit\u00e0&#8217;, sostenibilit\u00e0 e innovazione: gli ingredienti della cucina italiana per la salute delle persone e la tutela del pianeta&#8221;.<\/strong><\/p>\n<p style=\"text-align: justify;\">La manifestazione intende continuare a porsi quale momento qualificato dell&#8217;ampia strategia di promozione integrata avviata e coordinata dal Ministero degli Affari Esteri e della Cooperazione Internazionale (MAECI). Ci\u00f2 per rafforzare la connotazione della &#8220;cucina&#8221; e del settore agroalimentare italiano come componenti distintivi del Marchio Italia, contribuendo allo stesso tempo a favorire opportunit\u00e0 di ingresso e\/o potenziamento sui mercati internazionali degli operatori del comparto agroindustriale e della ristorazione in chiave di attrazione turistica.<\/p>\n<p style=\"text-align: justify;\">Il titolo pone l&#8217;accento sui temi della convivialit\u00e0 e del diritto al piacere; della dieta italiana sana e sostenibile per le persone e per il pianeta; dell\u2019innovazione basata sulla centralit\u00e0 del territorio, dei prodotti e delle persone; sulle relazioni e sulle competenze tradizionali che fanno dell\u2019artigianalit\u00e0 dell&#8217;Italia un esempio per il mondo.<\/p>\n<p style=\"text-align: justify;\"><strong>\u201cOlio&#038;Vino: Viaggio alla scoperta dei tesori italiani\u201d &#8211; 17 novembre ore 18.00 \u2013 Residenza Italia<\/strong><\/p>\n<p style=\"text-align: justify;\">Il 17 novembre alle ore 18 presso la prestigiosa Residenza dell\u2019Ambasciatore italiano in Albania si terr\u00e0 l\u2019evento centrale della SCIM 2022 in Albania. Per l\u2019occasione, sulle note del trio jazz italiano \u201cNo Trio for Cats\u201d, verranno presentati due dei prodotti italiani pi\u00f9 conosciuti al mondo: <strong>l\u2019olio extravergine d\u2019oliva ed il vino<\/strong>. Evento in collaborazione con Italian trade Agency, Istituto Italiano di Cultura e AIS (Associazione Italiana Sommelier).<\/p>\n<p style=\"text-align: justify;\">Grazie alla presenza di A.P.O. (Associazione di Produttori Olivicoli Societ\u00e0 Cooperativa) di Cosenza &#8211; che rappresenta 2.000 produttori olivicoli (circa il 10% dei produttori olivicoli della zona regionale) con una superficie totale pari ad Ha 1.620 ed una produzione media annua totale di circa 1.300 tonnellate di olio -, sar\u00e0 organizzata una Masterclass coordinata da un esperto Sommelier dell\u2019Olio EVO di AIS. Presente anche l\u2019Azienda di Olio EVO Biologico \u201cMauro\u201d, certificato da ICEA, che mira ad esprimere la tipicit\u00e0 del territorio di provenienza attraverso sapori unici, unitamente al rispetto della natura e della salute.<\/p>\n<p style=\"text-align: justify;\">Nel settore vinicolo, saranno presenti quattro importanti produttori italiani (Cantine Murgo 1860 \u2013 Etna, Produttori Vini Manduria, Cantina Spumanti Ress e Pasqua Vigneti e Cantine SpA) che introdurranno i loro migliori vini grazie a delle Masterclass coordinate da 3 esperti sommelier di AIS. Il cibo che accompagner\u00e0 l\u2019evento sar\u00e0 preparato dal bar Arena, aderente all\u2019iniziativa dell\u2019aperitivo in Jazz, che si svolge durante la settimana della Cucina italiana in Albania.<\/p>\n<p style=\"text-align: justify;\"><em><span style=\"text-decoration: underline;\"><strong>Altri eventi durante la settimana<\/strong><\/span><\/em><\/p>\n<p style=\"text-align: justify;\">La Settimana della cucina italiana in Albania sar\u00e0 aperta da una <strong>Masterclass Mixology<\/strong> (l&#8217;arte del bere miscelato) destinata ad operatori HO.RE.CA. ed incentrata sul momento culturale tipico italiano dell\u2019aperitivo che si svolger\u00e0 il 14 novembre c\/o Hotel Rogner. L&#8217;aperitivo italiano &#8220;AperITalia&#8221; (&#8220;Aperitivo in&#8230; Jazz&#8221;) presenter\u00e0 anche con una triade di eventi aperti al pubblico (Bar Destil, Arena, Izzy Living) durante le giornate della Settimana (15, 18 e 19 novembre ore 18-20).<\/p>\n<p style=\"text-align: justify;\">Sono stati inoltre organizzati molteplici eventi con scuole dell\u2019infanzia e superiori in Albania (Asilo nido \u201cNgjyrat e jetes\u201d, Asilo \u201cCamarroket e vegjel\u201d, Asilo nr. 42 Sunny Hill, Scuola Italiana di Tirana, Scuola &#8220;E Kuqe&#8221;, Scuola &#8220;Pjeter Budi&#8221;, Scuola Superiore &#8220;Ismail Qemali&#8221;) perch\u00e9 particolare attenzione \u00e8 dedicata all&#8217;educazione e alla formazione nel campo della cultura agroalimentare, in modo da evidenziare peculiarit\u00e0 e valori dei prodotti ed accrescere la consapevolezza sui concetti di origine, sostenibilit\u00e0, impatto sulla salute e modalit\u00e0 di utilizzo dei prodotti italiani, anche a partire dall\u2019et\u00e0 scolare. I workshop e laboratori di edutainment hanno riguardato i prodotti della cucina italiana pi\u00f9 conosciuti ed esportati al mondo, ovvero Pasta e Pizza ma hanno anche spaziato nelle tipiche ricette regionali italiane. Tra le collaborazioni, la Fondazione Reggio Children ed il Comune di Tirana.<\/p>\n<p style=\"text-align: justify;\">Infine, numerose attivit\u00e0 (Degustazione di prodotti tipici del territorio, Show Cooking ed incontri B2B) sono state previsti nella citt\u00e0 di <strong>Valona<\/strong>. Il Consolato Generale, grazie a chef italiani del calibro di Anton Pastore e Andrea Barbieri, presenter\u00e0 l\u2019evento denominato<em><strong> \u201cLa sicurezza alimentare, la dieta mediterranea come motori di sviluppo sostenibile e per la promozione e valorizzazione dei territori\u201d<\/strong><\/em> in quattro giornate presso l\u2019Hotel Ninfa. Saranno presenti sindaci della Provincia di Cosenza &#8211; Comuni del cosentino con comunit\u00e0 arb\u00ebresh\u00eb oltre che rappresentanti di GAL (Gruppo Azione Locale) Lucania Interiore &#8211; costituito da 22 Comuni della Basilicata e altre istituzioni del territorio<\/p>\n<p style=\"text-align: justify;\"><span style=\"text-decoration: underline;\"><strong>Conclusione<\/strong><\/span><\/p>\n<p style=\"text-align: justify;\">L&#8217;edizione 2022 della SCIM mira a coinvolgere un numero sempre pi\u00f9 ampio di interlocutori istituzionali, aziende, associazioni di categoria e operatori di settore favorendo un approccio di sistema e di sostegno alle esportazioni.<\/p>\n<p style=\"text-align: justify;\">Grazie a un&#8217;esperienza oramai consolidata e al suo carattere trasversale, la Settimana della cucina rappresenta uno strumento versatile, i cui materiali possono essere utilizzati per realizzare manifestazioni di promozione non solo durante la &#8220;settimana&#8221;, ma in un periodo piu&#8217; lungo che inizia proprio dalla SCIM 2022.<\/p>\n<p style=\"text-align: justify;\">\u00a0<\/p>\n<p style=\"text-align: justify;\">\u00a0<\/p>\n<p style=\"text-align: justify;\">\u00a0<\/p>\n","protected":false},"excerpt":{"rendered":"La settima edizione della Settimana della Cucina Italiana nel Mondo (SCIM)\u00a014-20 novembre 2022 ha\u00a0come tema portante &#8220;Convivialit\u00e0&#8217;, sostenibilit\u00e0 e innovazione: gli ingredienti della cucina italiana per la salute delle persone e la tutela del pianeta&#8221;. La manifestazione intende continuare a porsi quale momento qualificato dell&#8217;ampia strategia di promozione integrata avviata e coordinata dal Ministero degli [&hellip;]","protected":false},"author":1,"featured_media":0,"comment_status":"","ping_status":"","sticky":false,"template":"","format":"standard","meta":{"footnotes":""},"tags":[],"class_list":["post-1282","post","type-post","status-publish","format-standard","hentry"],"_links":{"self":[{"href":"https:\/\/ambtirana.esteri.it\/it\/wp-json\/wp\/v2\/posts\/1282","targetHints":{"allow":["GET"]}}],"collection":[{"href":"https:\/\/ambtirana.esteri.it\/it\/wp-json\/wp\/v2\/posts"}],"about":[{"href":"https:\/\/ambtirana.esteri.it\/it\/wp-json\/wp\/v2\/types\/post"}],"author":[{"embeddable":true,"href":"https:\/\/ambtirana.esteri.it\/it\/wp-json\/wp\/v2\/users\/1"}],"replies":[{"embeddable":true,"href":"https:\/\/ambtirana.esteri.it\/it\/wp-json\/wp\/v2\/comments?post=1282"}],"version-history":[{"count":0,"href":"https:\/\/ambtirana.esteri.it\/it\/wp-json\/wp\/v2\/posts\/1282\/revisions"}],"wp:attachment":[{"href":"https:\/\/ambtirana.esteri.it\/it\/wp-json\/wp\/v2\/media?parent=1282"}],"wp:term":[{"taxonomy":"post_tag","embeddable":true,"href":"https:\/\/ambtirana.esteri.it\/it\/wp-json\/wp\/v2\/tags?post=1282"}],"curies":[{"name":"wp","href":"https:\/\/api.w.org\/{rel}","templated":true}]}}