{"id":1495,"date":"2022-03-07T09:38:26","date_gmt":"2022-03-07T08:38:26","guid":{"rendered":"https:\/\/ambtirana.esteri.it\/news\/dall_ambasciata\/2022\/03\/partita-del-cuore-tirana-4-giugno\/"},"modified":"2022-03-07T09:38:26","modified_gmt":"2022-03-07T08:38:26","slug":"partita-del-cuore-tirana-4-giugno","status":"publish","type":"post","link":"https:\/\/ambtirana.esteri.it\/it\/news\/dall_ambasciata\/2022\/03\/partita-del-cuore-tirana-4-giugno\/","title":{"rendered":"&#8220;Partita del cuore&#8221; &#8211; Tirana 4 giugno 2022"},"content":{"rendered":"<p>La &#8220;Partita del Cuore&#8221; \u00e8 un evento di beneficenza destinato alla raccolta fondi per Associazioni Onlus del Territorio.<\/p>\n<p>\u201cPartita del Cuore\u201d si svolger\u00e0 in data 4 Giugno alle ore 20,00 circa, presso lo Stadio Arena Nazionale di Tirana e verr\u00e0 capitanata da Tot\u00f2 Schillaci. Alcuni giorni prima della partita sar\u00e0 dato ampio risalto all\u2019iniziativa attraverso una campagna pubblicitaria (Radio, Tv. Nazionali ecc.) ed una conferenza stampa durante la quale sar\u00e0 presentata ufficialmente la Maglia della Nazionale del Cuore Attori e Cantanti. La conferenza stampa si svolger\u00e0 alla presenza di alcuni Attori e Cantanti della Nazionale del Cuore ed in presenza delle massime Autorit\u00e0 Sportive e Politiche.<\/p>\n<p>\u201cPartita del Cuore\u201d \u00e8 un evento sportivo che viene associato ad un momento di grande solidariet\u00e0. Vi offriamo l\u2019opportunit\u00e0 di inserire il Vs logo sulle maglie della Nazionale del Cuore Attori e Cantanti che verranno indossate da personaggi noti in occasione dell\u2019evento speciale.<\/p>\n<p>Figura importante \u00e8 quella degli Sponsor che saranno legati in maniera positiva a un tema sociale di grande attualit\u00e0 e a personaggi noti come Attori, Cantanti, Vip e Vecchie Glorie del Calcio Internazionale mettendo ben in risalto la propria azienda dando prova di una grande sensibilit\u00e0 e un grande sostegno per la realizzazione di questo evento sportivo e di spettacolo.<\/p>\n<p>Chi volesse aderire alla iniziativa pu\u00f2 contattare l\u2019Ufficio amministrativo dell\u2019Ambasciata d\u2019Italia in Tirana e l\u2019 Ufficio commerciale.<\/p>\n","protected":false},"excerpt":{"rendered":"La &#8220;Partita del Cuore&#8221; \u00e8 un evento di beneficenza destinato alla raccolta fondi per Associazioni Onlus del Territorio. \u201cPartita del Cuore\u201d si svolger\u00e0 in data 4 Giugno alle ore 20,00 circa, presso lo Stadio Arena Nazionale di Tirana e verr\u00e0 capitanata da Tot\u00f2 Schillaci. Alcuni giorni prima della partita sar\u00e0 dato ampio risalto all\u2019iniziativa attraverso [&hellip;]","protected":false},"author":1,"featured_media":0,"comment_status":"","ping_status":"","sticky":false,"template":"","format":"standard","meta":{"footnotes":""},"tags":[],"class_list":["post-1495","post","type-post","status-publish","format-standard","hentry"],"_links":{"self":[{"href":"https:\/\/ambtirana.esteri.it\/it\/wp-json\/wp\/v2\/posts\/1495","targetHints":{"allow":["GET"]}}],"collection":[{"href":"https:\/\/ambtirana.esteri.it\/it\/wp-json\/wp\/v2\/posts"}],"about":[{"href":"https:\/\/ambtirana.esteri.it\/it\/wp-json\/wp\/v2\/types\/post"}],"author":[{"embeddable":true,"href":"https:\/\/ambtirana.esteri.it\/it\/wp-json\/wp\/v2\/users\/1"}],"replies":[{"embeddable":true,"href":"https:\/\/ambtirana.esteri.it\/it\/wp-json\/wp\/v2\/comments?post=1495"}],"version-history":[{"count":0,"href":"https:\/\/ambtirana.esteri.it\/it\/wp-json\/wp\/v2\/posts\/1495\/revisions"}],"wp:attachment":[{"href":"https:\/\/ambtirana.esteri.it\/it\/wp-json\/wp\/v2\/media?parent=1495"}],"wp:term":[{"taxonomy":"post_tag","embeddable":true,"href":"https:\/\/ambtirana.esteri.it\/it\/wp-json\/wp\/v2\/tags?post=1495"}],"curies":[{"name":"wp","href":"https:\/\/api.w.org\/{rel}","templated":true}]}}