{"id":1530,"date":"2021-12-29T13:52:38","date_gmt":"2021-12-29T12:52:38","guid":{"rendered":"https:\/\/ambtirana.esteri.it\/news\/dall_ambasciata\/2021\/12\/avviso-di-avvenuta-aggiudicazione\/"},"modified":"2021-12-29T13:52:38","modified_gmt":"2021-12-29T12:52:38","slug":"avviso-di-avvenuta-aggiudicazione","status":"publish","type":"post","link":"https:\/\/ambtirana.esteri.it\/it\/news\/dall_ambasciata\/2021\/12\/avviso-di-avvenuta-aggiudicazione\/","title":{"rendered":"Avviso di avvenuta aggiudicazione del contratto di servizio di Social Media Manager"},"content":{"rendered":"<p style=\"text-align: justify;\">Si comunica che il contratto di servizio di Social Media Manager di questa Ambasciata \u00e8 stato aggiudicato dalla societ\u00e0 PIK SHPK, NUIS n. L12316016A, con sede a Tirana in Rruga &#8220;Pjet\u00ebr Bogdani&#8221;, Nr. 37, Kati 2.<\/p>\n","protected":false},"excerpt":{"rendered":"Si comunica che il contratto di servizio di Social Media Manager di questa Ambasciata \u00e8 stato aggiudicato dalla societ\u00e0 PIK SHPK, NUIS n. L12316016A, con sede a Tirana in Rruga &#8220;Pjet\u00ebr Bogdani&#8221;, Nr. 37, Kati 2.","protected":false},"author":1,"featured_media":0,"comment_status":"","ping_status":"","sticky":false,"template":"","format":"standard","meta":{"footnotes":""},"tags":[],"class_list":["post-1530","post","type-post","status-publish","format-standard","hentry"],"_links":{"self":[{"href":"https:\/\/ambtirana.esteri.it\/it\/wp-json\/wp\/v2\/posts\/1530","targetHints":{"allow":["GET"]}}],"collection":[{"href":"https:\/\/ambtirana.esteri.it\/it\/wp-json\/wp\/v2\/posts"}],"about":[{"href":"https:\/\/ambtirana.esteri.it\/it\/wp-json\/wp\/v2\/types\/post"}],"author":[{"embeddable":true,"href":"https:\/\/ambtirana.esteri.it\/it\/wp-json\/wp\/v2\/users\/1"}],"replies":[{"embeddable":true,"href":"https:\/\/ambtirana.esteri.it\/it\/wp-json\/wp\/v2\/comments?post=1530"}],"version-history":[{"count":0,"href":"https:\/\/ambtirana.esteri.it\/it\/wp-json\/wp\/v2\/posts\/1530\/revisions"}],"wp:attachment":[{"href":"https:\/\/ambtirana.esteri.it\/it\/wp-json\/wp\/v2\/media?parent=1530"}],"wp:term":[{"taxonomy":"post_tag","embeddable":true,"href":"https:\/\/ambtirana.esteri.it\/it\/wp-json\/wp\/v2\/tags?post=1530"}],"curies":[{"name":"wp","href":"https:\/\/api.w.org\/{rel}","templated":true}]}}