{"id":1626,"date":"2021-09-10T09:52:29","date_gmt":"2021-09-10T07:52:29","guid":{"rendered":"https:\/\/ambtirana.esteri.it\/news\/dall_ambasciata\/2021\/09\/bando-balcani-per-finanziamento\/"},"modified":"2021-09-10T09:52:29","modified_gmt":"2021-09-10T07:52:29","slug":"bando-balcani-per-finanziamento","status":"publish","type":"post","link":"https:\/\/ambtirana.esteri.it\/it\/news\/dall_ambasciata\/2021\/09\/bando-balcani-per-finanziamento\/","title":{"rendered":"Bando Balcani per finanziamento progetti pace, sicurezza e iniziative umanitarie \u2013 Webinar informativo"},"content":{"rendered":"<p>Venerd\u00ec 17 settembre p.v., dalle ore 10.00 alle ore 12.00, si terr\u00e0 un webinar informativo sui contributi erogabili a soggetti privati per finalit\u00e0 di mantenimento della pace, sicurezza internazionale e iniziative umanitarie.<\/p>\n<p>Per partecipare \u00e8 necessario registrarsi entro il 16 settembre p.v. inviando una e-mail all\u2019indirizzo <a href=\"mailto:unitabalcani@esteri.it\">unitabalcani@esteri.it<\/a>, indicando all\u2019oggetto \u201cWebinar Bando Balcani\u201d e nel corpo della mail il nome dell\u2019ente, nome e cognome del delegato alla partecipazione, indirizzo e-mail e numero di telefono.<\/p>\n<p>I dati personali saranno trattati ai sensi del RGPD UE 2016\/679.<\/p>\n<p>Per ulteriori informazioni sul trattamento dei dati personali <a href=\"resource\/doc\/2021\/09\/webinar_bando_balcani_-informativa_allutenza_sul_trattamento_dei_dati_personali.pdf\">clicca qui<\/a>\u00a0<\/p>\n<p>Per visionare tutte le informazioni sul bando <a href=\"\/ambasciata_tirana\/it\/ambasciata\/news\/dall_ambasciata\/2021\/08\/avviso-di-pubblicita-per-contributi.html\">clicca qui<\/a><\/p>\n","protected":false},"excerpt":{"rendered":"Venerd\u00ec 17 settembre p.v., dalle ore 10.00 alle ore 12.00, si terr\u00e0 un webinar informativo sui contributi erogabili a soggetti privati per finalit\u00e0 di mantenimento della pace, sicurezza internazionale e iniziative umanitarie. Per partecipare \u00e8 necessario registrarsi entro il 16 settembre p.v. inviando una e-mail all\u2019indirizzo unitabalcani@esteri.it, indicando all\u2019oggetto \u201cWebinar Bando Balcani\u201d e nel corpo [&hellip;]","protected":false},"author":1,"featured_media":0,"comment_status":"","ping_status":"","sticky":false,"template":"","format":"standard","meta":{"footnotes":""},"tags":[],"class_list":["post-1626","post","type-post","status-publish","format-standard","hentry"],"_links":{"self":[{"href":"https:\/\/ambtirana.esteri.it\/it\/wp-json\/wp\/v2\/posts\/1626","targetHints":{"allow":["GET"]}}],"collection":[{"href":"https:\/\/ambtirana.esteri.it\/it\/wp-json\/wp\/v2\/posts"}],"about":[{"href":"https:\/\/ambtirana.esteri.it\/it\/wp-json\/wp\/v2\/types\/post"}],"author":[{"embeddable":true,"href":"https:\/\/ambtirana.esteri.it\/it\/wp-json\/wp\/v2\/users\/1"}],"replies":[{"embeddable":true,"href":"https:\/\/ambtirana.esteri.it\/it\/wp-json\/wp\/v2\/comments?post=1626"}],"version-history":[{"count":0,"href":"https:\/\/ambtirana.esteri.it\/it\/wp-json\/wp\/v2\/posts\/1626\/revisions"}],"wp:attachment":[{"href":"https:\/\/ambtirana.esteri.it\/it\/wp-json\/wp\/v2\/media?parent=1626"}],"wp:term":[{"taxonomy":"post_tag","embeddable":true,"href":"https:\/\/ambtirana.esteri.it\/it\/wp-json\/wp\/v2\/tags?post=1626"}],"curies":[{"name":"wp","href":"https:\/\/api.w.org\/{rel}","templated":true}]}}