{"id":2230,"date":"2020-09-14T14:45:48","date_gmt":"2020-09-14T12:45:48","guid":{"rendered":"https:\/\/ambtirana.esteri.it\/news\/dall_ambasciata\/2020\/09\/premio-musine-kokalari-2020\/"},"modified":"2020-09-14T14:45:48","modified_gmt":"2020-09-14T12:45:48","slug":"premio-musine-kokalari-2020","status":"publish","type":"post","link":"https:\/\/ambtirana.esteri.it\/it\/news\/dall_ambasciata\/2020\/09\/premio-musine-kokalari-2020\/","title":{"rendered":"Premio &#8220;Musine Kokalari&#8221; 2019 e 2020"},"content":{"rendered":"<p>\u00a0 \u00a0 <img loading=\"lazy\" decoding=\"async\" src=\"resource\/img\/2020\/09\/musine_kokalari.png\" alt=\"\" width=\"750\" height=\"177\" \/><\/p>\n<p style=\"text-align: center;\"><strong>Premio &#8220;Musine Kokalari&#8221; 2019 e 2020<\/strong><\/p>\n<p>L\u2019ormai consueto concorso intitolato a Musine Kokalari, scrittrice albanese impegnata nella politica e perseguitata dal regime per le sue idee libertarie, formatasi a Roma presso l\u2019Universit\u00e0 \u201cLa Sapienza\u201d, \u00e8 dedicato agli studenti albanesi pi\u00f9 meritevoli delle sezioni bilingui che hanno intenzione di proseguire i loro studi in Italiano o in Italia.<\/p>\n<p>Dopo l\u2019interruzione nel corso del 2019-20 a causa della pandemia da Covid-19, si vuole riprendere la tradizione quest\u2019anno, ma, in considerazione delle difficolt\u00e0 di spostamento tuttora in vigore, si \u00e8 pensato di offrire un premio collegato alla didattica a distanza.<\/p>\n<p>L\u2019Ambasciata d\u2019Italia, visto il Memorandum d\u2019Intesa delle Sezioni Bilingui con la Repubblica d\u2019Albania, informa che al termine dell\u2019anno scolastico 2020-21, saranno attribuite tre borse di studio agli studenti pi\u00f9 meritevoli selezionati tra i maturati\/diplomati della classe XII delle sezioni bilingui di Tirana, Scutari e Coriza.<\/p>\n<p>Sar\u00e0 inoltre eccezionalmente concessa una borsa anche ad uno studente che abbia concluso gli studi nell\u2019anno scolastico 2019-20.<\/p>\n<p>Il valore di ciascuna borsa consister\u00e0 nella copertura totale delle tasse universitarie per il primo anno e una copertura parziale del 50% per gli anni successivi, se in regola con gli esami e gli impegni connessi, presso l\u2019Universit\u00e0 telematica e-Campus, con la possibilit\u00e0 di scegliere un corso fra tutti quelli erogati dall\u2019Ateneo.<\/p>\n<p>Maggiori informazioni sui corsi si possono avere al seguente link <a href=\"https:\/\/www.uniecampus.it\/\">https:\/\/www.uniecampus.it\/<\/a>.<\/p>\n<p>Il Premio Musine Kokalari \u00e8 organizzato dall\u2019Ambasciata in collaborazione con la Camera di Commercio Italiana in Albania e con l\u2019Universit\u00e0 telematica e-Campus che si ringraziano per averne reso possibile la realizzazione:<\/p>\n<p style=\"text-align: center;\"><strong>Criteri di attribuzione<\/strong><\/p>\n<p>Gli studenti frequentanti l\u2019anno in corso 2020-21 delle classi XII dei corsi bilingui saranno selezionati sulla base di<\/p>\n<p style=\"margin-left: 30px;\">a. la carriera scolastica<\/p>\n<p style=\"margin-left: 30px;\">b. una lettera di motivazioni<\/p>\n<p>Gli studenti dell\u2019anno 2019-20 saranno valutati solo per il punto b.<\/p>\n<p>Saranno stilate due diverse graduatorie finali, per gli studenti del 2020-21 e 2019-20 osservando la seguente suddivisione:<\/p>\n<p>A.S 2020-21:<\/p>\n<ul>\n<li>Il voto nella <strong>Prova di Italiano<\/strong> per l\u2019Esame di Maturit\u00e0 (peso p1= 30%)<\/li>\n<li>La media dei voti ottenuti negli<strong> ultimi tre anni<\/strong> del percorso scolastico (peso p2= 30%)<\/li>\n<li>Valutazione della lettera di motivazione (peso p3= 40%)<\/li>\n<\/ul>\n<p><strong>Aggiudicazione del Premio<\/strong><\/p>\n<p>I candidati saranno valutati da una commissione formata dai docenti di italiano delle sezioni bilingui nella scuola media e superiore che eleggeranno un presidente al loro interno.<\/p>\n<p>Al termine dei lavori di valutazione la commissione proceder\u00e0 alla proclamazione dei vincitori, uno per ogni Sede per l\u2019a.s. 2020-21 e uno solo per le tre sedi per l\u2019anno 2019-20, in base al miglior punteggio (in caso di parit\u00e0 si dar\u00e0 la priorit\u00e0 all\u2019alunno con minore et\u00e0).<\/p>\n<p><strong>Tempistica<\/strong>:<\/p>\n<p>Le candidature devono pervenire per posta elettronica all\u2019Ufficio Scuole dell\u2019Ambasciata entro il 30 settembre per l\u2019anno scolasticoo 2019-2020 ed entro giugno 2021 per l\u2019attuale anno scolastico.<\/p>\n<p>Seguir\u00e0 una cerimonia di assegnazione ai vincitori ospitata dall\u2019Ambasciatore d\u2019Italia presso la Residenza.<\/p>\n","protected":false},"excerpt":{"rendered":"\u00a0 \u00a0 Premio &#8220;Musine Kokalari&#8221; 2019 e 2020 L\u2019ormai consueto concorso intitolato a Musine Kokalari, scrittrice albanese impegnata nella politica e perseguitata dal regime per le sue idee libertarie, formatasi a Roma presso l\u2019Universit\u00e0 \u201cLa Sapienza\u201d, \u00e8 dedicato agli studenti albanesi pi\u00f9 meritevoli delle sezioni bilingui che hanno intenzione di proseguire i loro studi in [&hellip;]","protected":false},"author":1,"featured_media":0,"comment_status":"","ping_status":"","sticky":false,"template":"","format":"standard","meta":{"footnotes":""},"tags":[],"class_list":["post-2230","post","type-post","status-publish","format-standard","hentry"],"_links":{"self":[{"href":"https:\/\/ambtirana.esteri.it\/it\/wp-json\/wp\/v2\/posts\/2230","targetHints":{"allow":["GET"]}}],"collection":[{"href":"https:\/\/ambtirana.esteri.it\/it\/wp-json\/wp\/v2\/posts"}],"about":[{"href":"https:\/\/ambtirana.esteri.it\/it\/wp-json\/wp\/v2\/types\/post"}],"author":[{"embeddable":true,"href":"https:\/\/ambtirana.esteri.it\/it\/wp-json\/wp\/v2\/users\/1"}],"replies":[{"embeddable":true,"href":"https:\/\/ambtirana.esteri.it\/it\/wp-json\/wp\/v2\/comments?post=2230"}],"version-history":[{"count":0,"href":"https:\/\/ambtirana.esteri.it\/it\/wp-json\/wp\/v2\/posts\/2230\/revisions"}],"wp:attachment":[{"href":"https:\/\/ambtirana.esteri.it\/it\/wp-json\/wp\/v2\/media?parent=2230"}],"wp:term":[{"taxonomy":"post_tag","embeddable":true,"href":"https:\/\/ambtirana.esteri.it\/it\/wp-json\/wp\/v2\/tags?post=2230"}],"curies":[{"name":"wp","href":"https:\/\/api.w.org\/{rel}","templated":true}]}}