{"id":4365,"date":"2015-10-23T13:33:58","date_gmt":"2015-10-23T11:33:58","guid":{"rendered":"https:\/\/ambtirana.esteri.it\/news\/dall_ambasciata\/2015\/10\/accordo-di-gemellaggio\/"},"modified":"2015-10-23T13:33:58","modified_gmt":"2015-10-23T11:33:58","slug":"accordo-di-gemellaggio","status":"publish","type":"post","link":"https:\/\/ambtirana.esteri.it\/it\/news\/dall_ambasciata\/2015\/10\/accordo-di-gemellaggio\/","title":{"rendered":"Accordo di gemellaggio tra il liceo &#8220;28 N\u0451ntori&#8221; di Scutari e il Liceo Classico &#8220;Morgagni&#8221; di Forl\u00ec."},"content":{"rendered":"<p><P>Il Liceo &#8220;28 N\u0451ntori&#8221; di Scutari, che ospita una Sezione Bilingue italo-albanese, scuola &#8220;Centro di Comunit\u00e0&#8221; patrocinato dallo stesso Presidente del Consiglio, Edi Rama, e il Liceo Classico &#8220;Morgagni&#8221; di Forl\u00ec, designato con il titolo di scuola &#8220;Unesco&#8221; per l&#8217;attivit\u00e0 di educazione interculturale e di preparazione di pace e di diritti umani, ha sottoscritto il 20 ottobre, presso l&#8217;Ambasciata d\u2019Italia a Tirana, in presenza dell\u2019incaricato d\u2019Affari Marcello Cavalcaselle e della Dirigente Lucia Cucciarelli, un accordo di gemellaggio.<\/P><P>L\u2019accordo \u00e8 incentrato sulla cooperazione culturale e su obiettivi formativi ed educativi, coerenti con le linee-guida dell\u2019Unione Europea in materia e del Consiglio d&#8217;Europa sugli itinerari interculturali.<\/P><br \/>\n<P>Questa iniziativa \u00e8 stata possibile grazie ad un rapporto di collaborazione e di condivisione di alcuni lavori didattici che rientravano di un progetto promosso dall&#8217;associazione ATRIUM (<EM>Architecture of totalitarian regimes of the 20th century in urban management<\/EM>), che ha patrocinato il gemellaggio, ossia una ricerca parallela tra le classi dei due licei sui monumenti razionalisti dei regimi presenti all&#8217;interno del proprio paese. <\/P><br \/>\n<P>Gli studenti forlivesi hanno realizzato un approfondimento sull&#8217;ex Gil (Giovent\u00f9 Italiana del Littorio) mentre i ragazzi albanesi hanno presentato un dossier sull\u2019architettura del tetro Migjeni di Scutari e sul carcere di Spa\u00e7.<\/P><br \/>\n<P>La delegazione del Liceo di Forl\u00ec, la Dirigente Giuliana Branzanti, alcuni professori e 4 studenti, hanno fatto visita alla scuola di Scutari il 21 ottobre, dove sono stati accolti dalla Preside Albana Bushati, e da docenti e studenti.<BR>\u00a0<\/P><\/p>\n","protected":false},"excerpt":{"rendered":"Il Liceo &#8220;28 N\u0451ntori&#8221; di Scutari, che ospita una Sezione Bilingue italo-albanese, scuola &#8220;Centro di Comunit\u00e0&#8221; patrocinato dallo stesso Presidente del Consiglio, Edi Rama, e il Liceo Classico &#8220;Morgagni&#8221; di Forl\u00ec, designato con il titolo di scuola &#8220;Unesco&#8221; per l&#8217;attivit\u00e0 di educazione interculturale e di preparazione di pace e di diritti umani, ha sottoscritto il [&hellip;]","protected":false},"author":1,"featured_media":0,"comment_status":"","ping_status":"","sticky":false,"template":"","format":"standard","meta":{"footnotes":""},"tags":[],"class_list":["post-4365","post","type-post","status-publish","format-standard","hentry"],"_links":{"self":[{"href":"https:\/\/ambtirana.esteri.it\/it\/wp-json\/wp\/v2\/posts\/4365","targetHints":{"allow":["GET"]}}],"collection":[{"href":"https:\/\/ambtirana.esteri.it\/it\/wp-json\/wp\/v2\/posts"}],"about":[{"href":"https:\/\/ambtirana.esteri.it\/it\/wp-json\/wp\/v2\/types\/post"}],"author":[{"embeddable":true,"href":"https:\/\/ambtirana.esteri.it\/it\/wp-json\/wp\/v2\/users\/1"}],"replies":[{"embeddable":true,"href":"https:\/\/ambtirana.esteri.it\/it\/wp-json\/wp\/v2\/comments?post=4365"}],"version-history":[{"count":0,"href":"https:\/\/ambtirana.esteri.it\/it\/wp-json\/wp\/v2\/posts\/4365\/revisions"}],"wp:attachment":[{"href":"https:\/\/ambtirana.esteri.it\/it\/wp-json\/wp\/v2\/media?parent=4365"}],"wp:term":[{"taxonomy":"post_tag","embeddable":true,"href":"https:\/\/ambtirana.esteri.it\/it\/wp-json\/wp\/v2\/tags?post=4365"}],"curies":[{"name":"wp","href":"https:\/\/api.w.org\/{rel}","templated":true}]}}