{"id":4487,"date":"2015-02-26T12:19:12","date_gmt":"2015-02-26T11:19:12","guid":{"rendered":"https:\/\/ambtirana.esteri.it\/news\/dall_ambasciata\/2015\/02\/expo-2015\/"},"modified":"2015-02-26T12:19:12","modified_gmt":"2015-02-26T11:19:12","slug":"expo-2015","status":"publish","type":"post","link":"https:\/\/ambtirana.esteri.it\/it\/news\/dall_ambasciata\/2015\/02\/expo-2015\/","title":{"rendered":"Expo Milano 2015"},"content":{"rendered":"<p><P><STRONG><A href=\"\/resource\/2015\/05\/42203_f_DGCSIX0101790ITPartecipazionedellaCooperazioneital.pdf\">Programma della Cooperazione italiana per Expo 2015<\/A><\/STRONG>: oltre 30 eventi su temi cruciali quali l&#8217;Agenda di sviluppo post-2015, la sicurezza alimentare e nutrizionale, lo sviluppo agricolo sostenibile, la lotta agli sprechi ed alle perdite alimentari, il contributo fondamentale delle donne allo sviluppo.\u00a0\u00a0 <\/P><UL><br \/>\n<LI><STRONG>PIATTAFORMA EXPO BUSINESS MATCH<\/STRONG><\/LI><\/UL><br \/>\n<P>Nel quadro dell&#8217;impegno del Ministero degli Affari Esteri e della Cooperazione Internazionale per valorizzare, tra le altre, le potenzialit\u00e0 che Expo Milano 2015 presenta per le imprese, si informa che \u00e8 operativa &#8220;Expo Business Matching&#8221;, piattaforma informatica per gli incontri B2B e per le altre iniziative rivolte agli operatori economici durante i sei mesi dell&#8217;Esposizione Universale, promossa dalla Camera di Commercio di Milano e realizzata da PriceWC (<A href=\"http:\/\/www.expobusinessmatching.com\">www.expobusinessmatching.com<\/A>).<\/P><br \/>\n<P>Tale piattaforma &#8211; attraverso le informazioni che le imprese italiane e straniere (per queste ultime il servizio \u00e8 gratuito) forniscono su settori di attivit\u00e0 e desiderata &#8211; individua le migliori controparti e propone gli incontri alle coppie di imprese.Se la proposta viene accettata, le due parti possono incontrarsi autonomamente o servendosi dei servizi logistici di EBM, che mette a disposizione spazi appena al di fuori dell&#8217;area Expo e servizi di interpretariato. <\/P><br \/>\n<P><A href=\"\/resource\/2015\/02\/40104_f_20141203_EXPOCCGEBM_GRASSI.pdf\">Expo Business Matching<\/A><\/P><br \/>\n<P><A href=\"\/resource\/2015\/02\/40106_f_ABSTRACTPROGETTOEXPOVENETO.pdf\">Abstract Progetto Expoveneto<\/A><\/P><br \/>\n<P><A href=\"\/resource\/2015\/02\/40107_f_BrochureEBMeng.pdf\">Brochure Expo Business Matching (eng)<\/A><\/P><br \/>\n<P><A href=\"\/resource\/2015\/02\/40108_f_BrochureEBMita.pdf\">Brochure Expo Business Matching (ita)<\/A><\/P><br \/>\n<UL><br \/>\n<LI><STRONG>\u00a0PIATTAFORMA EXPO VENETO<\/STRONG> <\/LI><\/UL><br \/>\n<P>Si segnala ExpoVeneto (<A href=\"http:\/\/www.expoveneto.it\">www.expoveneto.it<\/A>), la piattaforma adottata dalla Regione del Veneto che aggrega in modo strutturato tutti gli eventi organizzati dalle Aziende e dagli Enti nel Veneto nel periodo di Expo.<\/P><br \/>\n<P>La piattaforma \u00e8 gestita dal Comitato EXPO VENETO per EXPO 2015, costituito attraverso un Protocollo d&#8217;Intesa sottoscritto da Regione Veneto, Unioncamere, 13 associazioni di categoria (Confindustria, ANCE, Confcommercio, Confesercenti, Confartigianato, CNA, Casa Artigiani, Confagricoltura, CIA, LegaCoop, Confcooperativa, AGCI, Coldiretti) e dai 3 sindacati (CGIL, CISL e UIL). <\/P><br \/>\n<P><A href=\"\/resource\/2015\/02\/40109_f_ExpoVenetoPresentazione.pdf\">Expo Veneto <\/A><\/P><br \/>\n<UL><br \/>\n<LI><STRONG>Servizi offerti in occasione dell\u2019Expo dai Comuni italiani:<\/STRONG><\/LI><\/UL><br \/>\n<P>REGGIO EMILIA PER EXPO 2015<BR><A href=\"\/resource\/2015\/02\/40111_f_ReggioExpooffer.pdf\">Reggio Expo offer<\/A>\u00a0\u00a0\u00a0<BR><\/P><br \/>\n<P>SERVIZI PER L&#8217;INTERNAZIONALIZZAZIONE DELLE PMI BRESCIANE <BR><A href=\"\/resource\/2015\/02\/40112_f_ServiziProBrixiaperExpo2015.pdf\">Servizi Pro Brixia<\/A>\u00a0 <\/P><br \/>\n<P>\u00a0<\/P><br \/>\n<P><STRONG>SI INFORMA<\/STRONG>\u00a0che la Societ\u00e0 \u201cExpo Milano 2015\u201d \u2013 per venire incontro alle esigenze degli operatori interessati a collaborare nella realizzazione dei Padiglioni e nella gestione degli spazi espositivi \u2013\u00a0 ha elaborato un applicativo informatico che consente alle imprese\/societ\u00e0 di inserire i propri dati, come pure il settore di attivit\u00e0 di interesse. Si tratta di un sistema idoneo a favorire l\u2019incontro tra domanda e offerta e che risponde altres\u00ec a requisiti di chiarezza ed imparzialit\u00e0.<BR>Si pu\u00f2 accedere all\u2019applicativo in parola dal portale della Societ\u00e0 Expo, all\u2019indirizzo <A href=\"http:\/\/fornitori.expo2015.org\/\">http:\/\/fornitori.expo2015.org\/<\/A>.<\/P><br \/>\n<P>\u00a0<\/P><\/p>\n","protected":false},"excerpt":{"rendered":"Programma della Cooperazione italiana per Expo 2015: oltre 30 eventi su temi cruciali quali l&#8217;Agenda di sviluppo post-2015, la sicurezza alimentare e nutrizionale, lo sviluppo agricolo sostenibile, la lotta agli sprechi ed alle perdite alimentari, il contributo fondamentale delle donne allo sviluppo.\u00a0\u00a0 PIATTAFORMA EXPO BUSINESS MATCH Nel quadro dell&#8217;impegno del Ministero degli Affari Esteri e [&hellip;]","protected":false},"author":1,"featured_media":0,"comment_status":"","ping_status":"","sticky":false,"template":"","format":"standard","meta":{"footnotes":""},"tags":[],"class_list":["post-4487","post","type-post","status-publish","format-standard","hentry"],"_links":{"self":[{"href":"https:\/\/ambtirana.esteri.it\/it\/wp-json\/wp\/v2\/posts\/4487","targetHints":{"allow":["GET"]}}],"collection":[{"href":"https:\/\/ambtirana.esteri.it\/it\/wp-json\/wp\/v2\/posts"}],"about":[{"href":"https:\/\/ambtirana.esteri.it\/it\/wp-json\/wp\/v2\/types\/post"}],"author":[{"embeddable":true,"href":"https:\/\/ambtirana.esteri.it\/it\/wp-json\/wp\/v2\/users\/1"}],"replies":[{"embeddable":true,"href":"https:\/\/ambtirana.esteri.it\/it\/wp-json\/wp\/v2\/comments?post=4487"}],"version-history":[{"count":0,"href":"https:\/\/ambtirana.esteri.it\/it\/wp-json\/wp\/v2\/posts\/4487\/revisions"}],"wp:attachment":[{"href":"https:\/\/ambtirana.esteri.it\/it\/wp-json\/wp\/v2\/media?parent=4487"}],"wp:term":[{"taxonomy":"post_tag","embeddable":true,"href":"https:\/\/ambtirana.esteri.it\/it\/wp-json\/wp\/v2\/tags?post=4487"}],"curies":[{"name":"wp","href":"https:\/\/api.w.org\/{rel}","templated":true}]}}