{"id":4580,"date":"2014-11-18T10:46:50","date_gmt":"2014-11-18T09:46:50","guid":{"rendered":"https:\/\/ambtirana.esteri.it\/news\/dall_ambasciata\/2014\/11\/strategia-ue-per-regione-adriatico-ionica\/"},"modified":"2014-11-18T10:46:50","modified_gmt":"2014-11-18T09:46:50","slug":"strategia-ue-per-regione-adriatico-ionica","status":"publish","type":"post","link":"https:\/\/ambtirana.esteri.it\/it\/news\/dall_ambasciata\/2014\/11\/strategia-ue-per-regione-adriatico-ionica\/","title":{"rendered":"Strategia UE per Regione Adriatico-Ionica"},"content":{"rendered":"<p><P>Il <STRONG>Ministro degli Affari Esteri e della Cooperazione Internazionale, Paolo Gentiloni<\/STRONG>, presiede a Bruxelles la <STRONG>Conferenza di Lancio della Strategia UE per la Regione Adriatico-Ionica<\/STRONG>, adottata dal Consiglio Europeo lo scorso 23-24 ottobre. A conclusione di un articolato percorso avviato nel 2012, l\u2019adozione della Strategia rappresenta uno dei risultati significativi raggiunti dal Semestre di Presidenza italiana del Consiglio dell\u2019Unione Europea.<\/P><P><STRONG>Facilitazione percorso integrazione europea Balcani occidentali<BR><\/STRONG>Uno specifico valore aggiunto della Strategia \u00e8 costituito dalla partecipazione e dal lavoro congiunto di 4 Paesi UE (Italia, Slovenia, Grecia, Croazia) e 4 non-UE (Albania, Serbia, Bosnia-Erzegovina e Montenegro) dell\u2019area, anche nell\u2019ottica di stimolo e facilitazione del percorso di integrazione europea dei Balcani occidentali.<\/P><br \/>\n<P>La Strategia sar\u00e0 una piattaforma innovativa per rendere pi\u00f9 efficaci gli interventi comunitari e nazionali, razionalizzando risorse e politiche settoriali in un contesto in cui sono molte le forme di cooperazione regionale. L\u2019azione si concentrer\u00e0 su priorit\u00e0 strategiche condivise tra i Paesi coinvolti: connettivit\u00e0 infrastrutturale ed energetica, pesca e blue economy, ambiente, attrattivit\u00e0 turistica e culturale, innovazione\/ricerca e capacity building.<\/P><br \/>\n<P><STRONG>\u201cChiamare a raccolta i principali key players\u201d<BR><\/STRONG>L\u2019evento \u00e8 organizzato dalla Presidenza italiana del Consiglio dell\u2019Unione Europea, in cooperazione con la Commissione europea, con l\u2019Iniziativa Adriatico-Ionica (la cui Presidenza annuale di turno \u00e8 attualmente della Bosnia Erzegovina) e con la Regione Marche (in qualit\u00e0 di Presidente dell\u2019Intergruppo adriatico-ionico del Comitato delle Regioni d\u2019Europa). Esso intende \u201cchiamare a raccolta\u201d i principali \u201ckey players\u201d coinvolti nella futura attuazione della Strategia.<\/P><br \/>\n<P>Momento centrale della Conferenza sar\u00e0 il dibattito tra i responsabili della politica estera degli otto Paesi partecipanti alla Strategia su sfide e opportunit\u00e0 derivanti dallo strumento di cooperazione regionale appena lanciato.<\/P><br \/>\n<P>______________________________________________________________________________________________________________<BR>Comunicati e Notizie &#8211; Ministero degli Affari Esteri e della Cooperazione Internazionale<BR><A href=\"http:\/\/www.esteri.it\/MAE\/IT\/Sala_Stampa\/ArchivioNotizie\/Approfondimenti\/2014\/11\/20141117_StrategiaUeRegioneAdriaticoIonica.htm\">http:\/\/www.esteri.it\/MAE\/IT\/Sala_Stampa\/ArchivioNotizie\/Approfondimenti\/2014\/11\/20141117_StrategiaUeRegioneAdriaticoIonica.htm<\/A><\/P><\/p>\n","protected":false},"excerpt":{"rendered":"Il Ministro degli Affari Esteri e della Cooperazione Internazionale, Paolo Gentiloni, presiede a Bruxelles la Conferenza di Lancio della Strategia UE per la Regione Adriatico-Ionica, adottata dal Consiglio Europeo lo scorso 23-24 ottobre. A conclusione di un articolato percorso avviato nel 2012, l\u2019adozione della Strategia rappresenta uno dei risultati significativi raggiunti dal Semestre di Presidenza [&hellip;]","protected":false},"author":1,"featured_media":0,"comment_status":"","ping_status":"","sticky":false,"template":"","format":"standard","meta":{"footnotes":""},"tags":[],"class_list":["post-4580","post","type-post","status-publish","format-standard","hentry"],"_links":{"self":[{"href":"https:\/\/ambtirana.esteri.it\/it\/wp-json\/wp\/v2\/posts\/4580","targetHints":{"allow":["GET"]}}],"collection":[{"href":"https:\/\/ambtirana.esteri.it\/it\/wp-json\/wp\/v2\/posts"}],"about":[{"href":"https:\/\/ambtirana.esteri.it\/it\/wp-json\/wp\/v2\/types\/post"}],"author":[{"embeddable":true,"href":"https:\/\/ambtirana.esteri.it\/it\/wp-json\/wp\/v2\/users\/1"}],"replies":[{"embeddable":true,"href":"https:\/\/ambtirana.esteri.it\/it\/wp-json\/wp\/v2\/comments?post=4580"}],"version-history":[{"count":0,"href":"https:\/\/ambtirana.esteri.it\/it\/wp-json\/wp\/v2\/posts\/4580\/revisions"}],"wp:attachment":[{"href":"https:\/\/ambtirana.esteri.it\/it\/wp-json\/wp\/v2\/media?parent=4580"}],"wp:term":[{"taxonomy":"post_tag","embeddable":true,"href":"https:\/\/ambtirana.esteri.it\/it\/wp-json\/wp\/v2\/tags?post=4580"}],"curies":[{"name":"wp","href":"https:\/\/api.w.org\/{rel}","templated":true}]}}