{"id":4603,"date":"2014-10-31T11:53:12","date_gmt":"2014-10-31T10:53:12","guid":{"rendered":"https:\/\/ambtirana.esteri.it\/news\/dall_ambasciata\/2014\/10\/conferenza-favorire-accesso-al-mondo-del-lavoro-nel-centro-sud-albania\/"},"modified":"2014-10-31T11:53:12","modified_gmt":"2014-10-31T10:53:12","slug":"conferenza-favorire-accesso-al-mondo-del-lavoro-nel-centro-sud-albania","status":"publish","type":"post","link":"https:\/\/ambtirana.esteri.it\/it\/news\/dall_ambasciata\/2014\/10\/conferenza-favorire-accesso-al-mondo-del-lavoro-nel-centro-sud-albania\/","title":{"rendered":"Conferenza di lancio del Progetto \u201cFavorire l\u2019accesso al mondo del lavoro e la creazione d\u2019impresa nel centro sud Albania\u201d."},"content":{"rendered":"<p><P>Il 30 ottobre 2014, presso il Centro Sociale Murialdo di Fier, in presenza dell\u2019Ambasciatore d\u2019Italia, Massimo Gaiani e del Direttore dell\u2019Ufficio di Cooperazione allo Sviluppo, Andrea Senatori, si \u00e8 tenuta la Conferenza di lancio del Progetto \u201c<EM>Favorire l\u2019accesso al mondo del lavoro e la creazione d\u2019impresa nel centro sud Albania<\/EM>\u201d.<BR>L\u2019iniziativa \u00e8 cofinanziata dalla Cooperazione Italiana con un somma pari a circa 500.000 Euro ed \u00e8 promossa congiuntamente dalla ONG ENGIM in partenariato con Centro Sociale Murialdo. Entrambe le due realt\u00e0\u00a0 hanno una consolidata presenza in Albania fin dalla met\u00e0 degli anni \u201890 ed una lunga esperienza nel settore della formazione e dei servizi per il lavoro.<\/P><P>L\u2019 attuale progetto\u00a0 si propone di migliorare l\u2019offerta della formazione professionale e di rafforzare le modalit\u00e0 di accesso al mercato del lavoro nella prefettura di Fier. In tale prospettiva, le azioni previste dal progetto mirano, da un lato, al potenziamento del sistema di orientamento, formazione e riqualifica professionale, dall\u2019altro, la creazione di nuove imprese attraverso l\u2019assegnazione di borse per l\u2019avvio di start-up e l\u2019apprendistato.<\/P><br \/>\n<P>La giornata \u00e8 iniziata con una visita al Centro Sociale Murialdo per mostrare le attivit\u00e0 del progetto e gli spazi ad esso adibiti. Successivamente, il P. Giovanni Salustri, Direttore del QS Murialdo ha dato avvio alla cerimonia di apertura del progetto ringraziando in modo particolare la Cooperazione italiana e le altre autorit\u00e0 che lo sostengono.<\/P><br \/>\n<P>Durante il suo intervento l\u2019Ambasciatore Massimo Gaiani ha sottolineato che \u201cl\u2019iniziativa si pone in continuit\u00e0 con numerosi progetti finanziati in Albania dalla Cooperazione Italiana nel settore della formazione professionale ed inserimento lavorativo nel corso degli anni. Attraverso iniziative come questa, la Cooperazione Italiana intende sostenere ulteriormente il processo di integrazione europea dell\u2019Albania anche nell\u2019ambito della formazione professionale, coscienti del fatto che essa rappresenti uno strumento essenziale per lo sviluppo sostenibile e duraturo del Paese.\u201d\u00a0 <\/P><br \/>\n<P>Il Direttore del Servizio Nazionale per l\u2019Occupazione, Genc Kojdheli esprime \u201cstupore e compiacimento nel constatare il successo delle numerose attivit\u00e0 di formazione, orientamento al lavoro e all\u2019avvio di start up d\u2019impresa, svolte nel Centro Sociale Murialdo. Dette attivit\u00e0, &#8211; continua il Direttore Kojdheli \u2013 sono pienamente in linea con la Strategia Nazionale per l\u2019Occupazione 2014-2020 del Governo albanese, che tiene uniti proprio questi tre principi, applicati dal Centro Sociale Murialdo\u201d.<\/P><br \/>\n<P>Nel corso della conferenza sono intervenuti anche Roberto d\u2019Amato, Capo Progetto ENGIM Albania, Baftjar Zeqaj, Sindaco del Comune di Fier, Xhevit Bushaj, Prefetto di Fier, Arben Beta, Direttore dell\u2019Ufficio del Lavoro Fier, Shkelqim Allkaj, Direttore del Dipartimento dell\u2019Educazione e Ilir Qafa, Direttore dell\u2019Ufficio di Messa alla prova \u2013 Fier.<\/P><br \/>\n<P>\u00a0<\/P><br \/>\n<P><BR>\u00a0<\/P><\/p>\n","protected":false},"excerpt":{"rendered":"Il 30 ottobre 2014, presso il Centro Sociale Murialdo di Fier, in presenza dell\u2019Ambasciatore d\u2019Italia, Massimo Gaiani e del Direttore dell\u2019Ufficio di Cooperazione allo Sviluppo, Andrea Senatori, si \u00e8 tenuta la Conferenza di lancio del Progetto \u201cFavorire l\u2019accesso al mondo del lavoro e la creazione d\u2019impresa nel centro sud Albania\u201d.L\u2019iniziativa \u00e8 cofinanziata dalla Cooperazione Italiana [&hellip;]","protected":false},"author":1,"featured_media":0,"comment_status":"","ping_status":"","sticky":false,"template":"","format":"standard","meta":{"footnotes":""},"tags":[],"class_list":["post-4603","post","type-post","status-publish","format-standard","hentry"],"_links":{"self":[{"href":"https:\/\/ambtirana.esteri.it\/it\/wp-json\/wp\/v2\/posts\/4603","targetHints":{"allow":["GET"]}}],"collection":[{"href":"https:\/\/ambtirana.esteri.it\/it\/wp-json\/wp\/v2\/posts"}],"about":[{"href":"https:\/\/ambtirana.esteri.it\/it\/wp-json\/wp\/v2\/types\/post"}],"author":[{"embeddable":true,"href":"https:\/\/ambtirana.esteri.it\/it\/wp-json\/wp\/v2\/users\/1"}],"replies":[{"embeddable":true,"href":"https:\/\/ambtirana.esteri.it\/it\/wp-json\/wp\/v2\/comments?post=4603"}],"version-history":[{"count":0,"href":"https:\/\/ambtirana.esteri.it\/it\/wp-json\/wp\/v2\/posts\/4603\/revisions"}],"wp:attachment":[{"href":"https:\/\/ambtirana.esteri.it\/it\/wp-json\/wp\/v2\/media?parent=4603"}],"wp:term":[{"taxonomy":"post_tag","embeddable":true,"href":"https:\/\/ambtirana.esteri.it\/it\/wp-json\/wp\/v2\/tags?post=4603"}],"curies":[{"name":"wp","href":"https:\/\/api.w.org\/{rel}","templated":true}]}}