{"id":4615,"date":"2014-10-17T14:26:30","date_gmt":"2014-10-17T12:26:30","guid":{"rendered":"https:\/\/ambtirana.esteri.it\/news\/dall_ambasciata\/2014\/10\/convegno-albania-italia-una-partnership-per-europa\/"},"modified":"2014-10-17T14:26:30","modified_gmt":"2014-10-17T12:26:30","slug":"convegno-albania-italia-una-partnership-per-europa","status":"publish","type":"post","link":"https:\/\/ambtirana.esteri.it\/it\/news\/dall_ambasciata\/2014\/10\/convegno-albania-italia-una-partnership-per-europa\/","title":{"rendered":"CONVEGNO &#8211; ALBANIA\u00a0&#038; ITALIA: UNA PARTNERSHIP PER L\u2019EUROPA"},"content":{"rendered":"<p><P align=\"left\"><STRONG>Tirana, 20-21 ottobre 2014<BR>Ambasciata d\u2019Italia \u2013 Universit\u00e0 Cattolica Nostra Signora del Buon Consiglio<BR><\/STRONG>Nell\u2019ambito delle attivit\u00e0 della Presidenza Italiana del Consiglio dell\u2019Unione Europea, l\u2019Ambasciata d\u2019Italia e l\u2019Universit\u00e0 Cattolica \u201cNostra Signora del Buon Consiglio\u201d organizzano a Tirana, nelle giornate <STRONG>di luned\u00ec 20 e di marted\u00ec 21 ottobre<\/STRONG>, un Convegno dal titolo <STRONG>ALBANIA e ITALIA: UNA PARTNERSHIP PER L\u2019EUROPA<\/STRONG>. L\u2019evento si snoda in due giornate. La cerimonia inaugurale si svolger\u00e0 luned\u00ec 20 ottobre ore 17.00 presso il Palazzo dei Congressi. I lavori del convegno, invece, si terranno marted\u00ec 21 ottobre dalle ore 9.00 presso l\u2019Aula Magna dell\u2019Universit\u00e0 Cattolica \u201cNostra Signora del Buon Consiglio\u201d.<\/P><P align=\"left\">L\u2019obiettivo, a pochi mesi dalla concessione all\u2019Albania dello status di Candidato all\u2019unione Europea, \u00e8 quello di riflettere sul futuro dell\u2019Albania a partire dal ruolo giocato dall\u2019Italia nel processo di integrazione del paese in Europa, collocando questa prospettiva bilaterale nel pi\u00f9 ampio quadro strategico dell\u2019allargamento dell\u2019Unione Europea sull\u2019intera area del Balcani Occidentali e della cooperazione regionale in quest\u2019area. <\/P><br \/>\n<P align=\"left\">L\u2019evento sar\u00e0 aperto da una <STRONG>cerimonia inaugurale<\/STRONG> prevista per <STRONG>luned\u00ec 20, a partire dalle ore 17.00, presso la Sala Conferenze del Palazzo dei Congressi<\/STRONG>. Presenteranno l\u2019iniziativa l\u2019Ambasciatore d\u2019Italia <STRONG>Massimo Gaiani<\/STRONG> e il Prof. <STRONG>Lorenzo Ornaghi<\/STRONG>, consigliere CdA della Fondazione Nostra Signora del Buon Consiglio. Interverranno <STRONG>Jean-Eric Paquet<\/STRONG>, Direttore per Albania, Bosnia-Erzegovina, Serbia e Kosovo presso la Direzione Generale Allargamento della Commissione Europea; <STRONG>Pier Ferdinando Casini<\/STRONG>, Presidente Commissione Esteri del Senato ed <STRONG>Edi Rama<\/STRONG>, Primo Ministro della Repubblica d\u2019Albania. <\/P><br \/>\n<P align=\"left\">I <STRONG>lavori del Convegno<\/STRONG> proseguiranno durante tutto il giorno seguente, <STRONG>marted\u00ec 21 ottobre<\/STRONG>, presso <STRONG>l\u2019Aula Magna dell\u2019Universit\u00e0 Cattolica Nostra Signora del Buon Consiglio<\/STRONG>, aperti dal saluto di benvenuto del <STRONG>Magnifico Rettore dell\u2019Universit\u00e0 Cattolica \u201cNostra Signora del Buon Consiglio\u201d, Prof. Bruno Giardina.<\/STRONG> <\/P><br \/>\n<P align=\"left\">Alle <STRONG>ore 9.00<\/STRONG> avr\u00e0 luogo la <STRONG>Lectio Magistralis del Prof. Romano Prodi, dal titolo \u201cL\u2019Europa e il futuro: porte chiuse o porte aperte?\u201d.<\/STRONG> <\/P><br \/>\n<P align=\"left\">Alle <STRONG>ore 10.30<\/STRONG> prender\u00e0 avvio il <STRONG>panel economico<\/STRONG>, moderato dal Dott. <STRONG>Stefano Folli<\/STRONG>, editorialista de \u201cIl Sole 24 Ore\u201d. Interverranno in ordine: <STRONG>Arben Ahmetaj<\/STRONG>, Ministro dello Sviluppo economico del Commercio e dell\u2019Imprenditoria, <STRONG>Gian Maria Gross-Pietro<\/STRONG>, Presidente del Consiglio di Gestione di Intesa San Paolo, <STRONG>Paolo Costa<\/STRONG>, Presidente dell\u2019Autorit\u00e0 Portuale di Venezia, <STRONG>Milva Ekonomi<\/STRONG>, Vice Ministro della Sanit\u00e0, <STRONG>Carlo Crea<\/STRONG>, Direttore Affari Internazionali Rete Elettrica Terna, <STRONG>Riccardo Delleani<\/STRONG>, Presidente di Telecom Italia Sparkle, <STRONG>Giampaolo Russo<\/STRONG>, TAP Italy Country Manager. <\/P><br \/>\n<P align=\"left\"><STRONG>Dalle 15.00 alle 17.00<\/STRONG> avr\u00e0 invece spazio il <STRONG>panel accademico<\/STRONG>. Moderati dal Prof. <STRONG>Silvestro Montone<\/STRONG> (Preside della Facolt\u00e0 di Scienze Economiche e Politiche dell\u2019Universit\u00e0 NSBC), interverranno in ordine: il Prof. <STRONG>Federico Niglia<\/STRONG> (Universit\u00e0 LUISS di Roma), il Prof. Tritan Shehu (Universit\u00e0 Cattolica NSBC), il Dott. <STRONG>Remzi Lani<\/STRONG>, fondatore dell\u2019Albanian Media Institute, il Prof. Damiano Palano (Universit\u00e0 Cattolica del Sacro Cuore), la Prof.ssa Paulina Hoti (Universit\u00e0 Cattolica NSBC) e il Dott. <STRONG>Gledis Gjipali<\/STRONG>, Direttore esecutivo dell\u2019European Movement of Albania. <\/P><br \/>\n<P align=\"left\">Con questo convegno si apre inoltre la <STRONG>XIV Settimana della Lingua Italiana nel Mondo<\/STRONG>, che quest\u2019anno (20-25 ottobre 2014) avr\u00e0 come tema conduttore l\u2019Europa in relazione alle nuove frontiere dell\u2019editoria e alla diffusione del sapere: &#8220;Scrivere la nuova Europa: editoria italiana, autori e lettori nell&#8217;era digitale&#8221;. L\u2019obiettivo della Settimana della Lingua sar\u00e0 infatti quello di valorizzare il ruolo del libro, nelle sue molteplici connotazioni (dal cartaceo al digitale), nello sviluppo del concetto di Europa quale strumento di diffusione della cultura e vettore di civilizzazione delle societ\u00e0.<\/P><br \/>\n<P align=\"left\">Al Convegno assisteranno, tra gli altri, gli studenti di italiano che negli scorsi mesi di aprile e maggio hanno preso parte a \u201c2014: Prepariamoci all\u2019Europa\u201d, un progetto italiano di formazione europea &#8211; patrocinato dall\u2019Ambasciata d\u2019Italia e sostenuto dall\u2019Istituto italiano di Cultura &#8211; che \u00e8 stato realizzato nelle scuole e nelle Universit\u00e0 di 6 citt\u00e0 del paese (Tirana, Elbasan, Kor\u00e7a, Scutari, Valona, Argirocastro), importando in Albania il format didattico del Punto Europa Europe Direct di Forl\u00ec (Universit\u00e0 di Bologna), centro di Eccellenza Jean Monnet riconosciuto dalla Commissione Europea. Il Convegno coroner\u00e0 quindi anche questa positiva esperienza di rete culturale che nei mesi scorsi ha coinvolto pi\u00f9 di 1000 studenti albanesi, radunando su suolo estero realt\u00e0 accademiche ed istituzionali del Sistema Italia. <\/P><br \/>\n<P align=\"left\"><A href=\"\/resource\/2014\/10\/36655_f_Programmaconvegno.pdf\">Programma del convegno Albania e Italia: Una partnership per l&#8217;Europa<\/A>. <\/P><\/p>\n","protected":false},"excerpt":{"rendered":"Tirana, 20-21 ottobre 2014Ambasciata d\u2019Italia \u2013 Universit\u00e0 Cattolica Nostra Signora del Buon ConsiglioNell\u2019ambito delle attivit\u00e0 della Presidenza Italiana del Consiglio dell\u2019Unione Europea, l\u2019Ambasciata d\u2019Italia e l\u2019Universit\u00e0 Cattolica \u201cNostra Signora del Buon Consiglio\u201d organizzano a Tirana, nelle giornate di luned\u00ec 20 e di marted\u00ec 21 ottobre, un Convegno dal titolo ALBANIA e ITALIA: UNA PARTNERSHIP PER [&hellip;]","protected":false},"author":1,"featured_media":0,"comment_status":"","ping_status":"","sticky":false,"template":"","format":"standard","meta":{"footnotes":""},"tags":[],"class_list":["post-4615","post","type-post","status-publish","format-standard","hentry"],"_links":{"self":[{"href":"https:\/\/ambtirana.esteri.it\/it\/wp-json\/wp\/v2\/posts\/4615","targetHints":{"allow":["GET"]}}],"collection":[{"href":"https:\/\/ambtirana.esteri.it\/it\/wp-json\/wp\/v2\/posts"}],"about":[{"href":"https:\/\/ambtirana.esteri.it\/it\/wp-json\/wp\/v2\/types\/post"}],"author":[{"embeddable":true,"href":"https:\/\/ambtirana.esteri.it\/it\/wp-json\/wp\/v2\/users\/1"}],"replies":[{"embeddable":true,"href":"https:\/\/ambtirana.esteri.it\/it\/wp-json\/wp\/v2\/comments?post=4615"}],"version-history":[{"count":0,"href":"https:\/\/ambtirana.esteri.it\/it\/wp-json\/wp\/v2\/posts\/4615\/revisions"}],"wp:attachment":[{"href":"https:\/\/ambtirana.esteri.it\/it\/wp-json\/wp\/v2\/media?parent=4615"}],"wp:term":[{"taxonomy":"post_tag","embeddable":true,"href":"https:\/\/ambtirana.esteri.it\/it\/wp-json\/wp\/v2\/tags?post=4615"}],"curies":[{"name":"wp","href":"https:\/\/api.w.org\/{rel}","templated":true}]}}