{"id":4627,"date":"2014-10-03T13:38:18","date_gmt":"2014-10-03T11:38:18","guid":{"rendered":"https:\/\/ambtirana.esteri.it\/news\/dall_ambasciata\/2014\/10\/italiano-in-famiglia\/"},"modified":"2014-10-03T13:38:18","modified_gmt":"2014-10-03T11:38:18","slug":"italiano-in-famiglia","status":"publish","type":"post","link":"https:\/\/ambtirana.esteri.it\/it\/news\/dall_ambasciata\/2014\/10\/italiano-in-famiglia\/","title":{"rendered":"&#8220;L\u2019Italiano in famiglia&#8221; dal 6 ottobre su Digitalb"},"content":{"rendered":"<p><P>La piattaforma\u00a0 Digitalb, in collaborazione con l\u2019Ambasciata d\u2019Italia a Tirana, metter\u00e0 in onda &#8211; a partire dal 6 ottobre sul canale Junior, alle ore 19:00 \u2013 un corso multimediale articolato in 35 puntate per l\u2019apprendimento della lingua italiana. <\/P><P>Il corso sar\u00e0 trasmesso sul canale <EM><STRONG>Junior<\/STRONG><\/EM>, ogni luned\u00ec e gioved\u00ec\u00a0 alle ore 19.00, con replica sullo stesso canale ogni marted\u00ec e venerd\u00ec, alle ore 16.30.\u00a0<\/P><br \/>\n<P>\u201c<EM><STRONG>L\u2019Italiano in famiglia\u201d<\/STRONG><\/EM> nasce dalla collaborazione tra l\u2019Ufficio Scolastico Provinciale di Brescia e l\u2019Ufficio Scolastico Regionale per la Lombardia e pu\u00f2 essere seguito sul sito <A href=\"http:\/\/www.italianoinfamiglia.it\">www.italianoinfamiglia.it<\/A> , oltre che sulla piattaforma DIGITALB.<\/P><br \/>\n<P><A id='\"L\u2019Italiano in famiglia\" dal 6 ottobre su Digitalb' href=\"http:\/\/www.youtube.com\/watch?v=wTlbTotaicM\" name='\"L\u2019Italiano in famiglia\" dal 6 ottobre su Digitalb'>&#8220;L\u2019Italiano in famiglia&#8221; dal 6 ottobre su Digitalb<\/A><\/P><br \/>\n<P><A id=\"Servizio di Top Channel su L\u2019Italiano in Famiglia\" href=\"http:\/\/www.youtube.com\/watch?v=UFMlMYnytCo\" name=\"Servizio di Top Channel su L\u2019Italiano in Famiglia\">Servizio di Top Channel su L\u2019Italiano in Famiglia<\/A>\u00a0\u00a0 <\/P><br \/>\n<P>\u00a0<\/P><\/p>\n","protected":false},"excerpt":{"rendered":"La piattaforma\u00a0 Digitalb, in collaborazione con l\u2019Ambasciata d\u2019Italia a Tirana, metter\u00e0 in onda &#8211; a partire dal 6 ottobre sul canale Junior, alle ore 19:00 \u2013 un corso multimediale articolato in 35 puntate per l\u2019apprendimento della lingua italiana. Il corso sar\u00e0 trasmesso sul canale Junior, ogni luned\u00ec e gioved\u00ec\u00a0 alle ore 19.00, con replica sullo [&hellip;]","protected":false},"author":1,"featured_media":0,"comment_status":"","ping_status":"","sticky":false,"template":"","format":"standard","meta":{"footnotes":""},"tags":[],"class_list":["post-4627","post","type-post","status-publish","format-standard","hentry"],"_links":{"self":[{"href":"https:\/\/ambtirana.esteri.it\/it\/wp-json\/wp\/v2\/posts\/4627","targetHints":{"allow":["GET"]}}],"collection":[{"href":"https:\/\/ambtirana.esteri.it\/it\/wp-json\/wp\/v2\/posts"}],"about":[{"href":"https:\/\/ambtirana.esteri.it\/it\/wp-json\/wp\/v2\/types\/post"}],"author":[{"embeddable":true,"href":"https:\/\/ambtirana.esteri.it\/it\/wp-json\/wp\/v2\/users\/1"}],"replies":[{"embeddable":true,"href":"https:\/\/ambtirana.esteri.it\/it\/wp-json\/wp\/v2\/comments?post=4627"}],"version-history":[{"count":0,"href":"https:\/\/ambtirana.esteri.it\/it\/wp-json\/wp\/v2\/posts\/4627\/revisions"}],"wp:attachment":[{"href":"https:\/\/ambtirana.esteri.it\/it\/wp-json\/wp\/v2\/media?parent=4627"}],"wp:term":[{"taxonomy":"post_tag","embeddable":true,"href":"https:\/\/ambtirana.esteri.it\/it\/wp-json\/wp\/v2\/tags?post=4627"}],"curies":[{"name":"wp","href":"https:\/\/api.w.org\/{rel}","templated":true}]}}