{"id":4656,"date":"2014-09-23T08:50:05","date_gmt":"2014-09-23T06:50:05","guid":{"rendered":"https:\/\/ambtirana.esteri.it\/news\/dall_ambasciata\/2014\/09\/visita-ministro-pinotti\/"},"modified":"2014-09-23T08:50:05","modified_gmt":"2014-09-23T06:50:05","slug":"visita-ministro-pinotti","status":"publish","type":"post","link":"https:\/\/ambtirana.esteri.it\/it\/news\/dall_ambasciata\/2014\/09\/visita-ministro-pinotti\/","title":{"rendered":"Il Ministro della difesa della Repubblica d\u2019Italia, Roberta Pinotti, in visita ufficiale in Albania."},"content":{"rendered":"<p><P>Il Ministro della Difesa Roberta Pinotti ha incontrato oggi, a Tirana, il Presidente della Repubblica d&#8217;Albania, Bujar Nishani, il Vice Primo Ministro Niko Peleshi e il Ministro della Difesa Mimi Kodheli<\/P><P>&#8220;L&#8217;Albania e&#8217; un paese con il quale abbiamo numerose comunanze di vedute e di interessi. La mia visita qui ha voluto sottolineare la solidit\u00e0 dei rapporti ed avviare un ulteriore approfondimento di progetti comuni, sia in campo operativo che addestrativo, anche in forza della nostra comune appartenenza all&#8217;Alleanza Atlantica e, auspicabilmente presto, all&#8217;Unione Europea&#8221;.<BR>E&#8217; quanto ha affermato il Ministro Pinotti oggi in visita ufficiale in Albania.<BR>Colloqui improntati ad un clima di cordialit\u00e0, durante i quali \u00e8 emersa la volont\u00e0 di rafforzare i rapporti di cooperazione bilaterale in ambito Difesa tra Italia e Albania.<BR>Nel corso della bilaterale con l\u2019omologo Kodheli, il Ministro Pinotti ha manifestato la sua soddisfazione per il riconoscimento all\u2019Albania dello status di candidato all\u2019Unione Europea. Una tappa fondamentale nel percorso di integrazione europea dei Balcani occidentali.<BR>Al centro della bilaterale anche l\u2019auspicata futura partecipazione dell\u2019Albania non solo come osservatore ma come membro effettivo alla Defence Cooperation Initiative. Iniziativa &#8211; che attualmente comprende Italia, Austria, Croazia, Slovenia e Ungheria &#8211; finalizzata ad avviare un progetto di cooperazione nell\u2019ambito del \u201cFramework Nation Concept\u201d per lo sviluppo di capacit\u00e0 nei settori della stabilizzazione e della ricostruzione.<BR>Pinotti e Kodheli si sono soffermate inoltre sulla Maritime Situational Awareness: l\u2019obiettivo cui si vuole giungere \u00e8 una maggiore cooperazione in ambito marittimo.<BR>Altri temi affrontati durante l\u2019incontro, l\u2019esercitazione NATO \u201cTrident Juncture 2015\u201d, Kosovo e Afghanistan.<BR>Successivamente, il Ministro ha incontrato anche il Vice Primo Ministro Niko Peleshi e il Presidente della Repubblica d&#8217;Albania, Bujar Nishani con i quali ha esaminato l\u2019evoluzione dei rapporti tra i due Paesi.<BR><\/P><br \/>\n<P><A id=\"Visita ufficiale del Ministro Pinotti in Albania\" href=\"http:\/\/www.difesa.it\/Primo_Piano\/Pagine\/Pinotti_Albania.aspx\" name=\"Visita ufficiale del Ministro Pinotti in Albania\">Visita ufficiale del Ministro Pinotti in Albania<\/A>.<\/P><\/p>\n","protected":false},"excerpt":{"rendered":"Il Ministro della Difesa Roberta Pinotti ha incontrato oggi, a Tirana, il Presidente della Repubblica d&#8217;Albania, Bujar Nishani, il Vice Primo Ministro Niko Peleshi e il Ministro della Difesa Mimi Kodheli&#8220;L&#8217;Albania e&#8217; un paese con il quale abbiamo numerose comunanze di vedute e di interessi. La mia visita qui ha voluto sottolineare la solidit\u00e0 dei [&hellip;]","protected":false},"author":1,"featured_media":0,"comment_status":"","ping_status":"","sticky":false,"template":"","format":"standard","meta":{"footnotes":""},"tags":[],"class_list":["post-4656","post","type-post","status-publish","format-standard","hentry"],"_links":{"self":[{"href":"https:\/\/ambtirana.esteri.it\/it\/wp-json\/wp\/v2\/posts\/4656","targetHints":{"allow":["GET"]}}],"collection":[{"href":"https:\/\/ambtirana.esteri.it\/it\/wp-json\/wp\/v2\/posts"}],"about":[{"href":"https:\/\/ambtirana.esteri.it\/it\/wp-json\/wp\/v2\/types\/post"}],"author":[{"embeddable":true,"href":"https:\/\/ambtirana.esteri.it\/it\/wp-json\/wp\/v2\/users\/1"}],"replies":[{"embeddable":true,"href":"https:\/\/ambtirana.esteri.it\/it\/wp-json\/wp\/v2\/comments?post=4656"}],"version-history":[{"count":0,"href":"https:\/\/ambtirana.esteri.it\/it\/wp-json\/wp\/v2\/posts\/4656\/revisions"}],"wp:attachment":[{"href":"https:\/\/ambtirana.esteri.it\/it\/wp-json\/wp\/v2\/media?parent=4656"}],"wp:term":[{"taxonomy":"post_tag","embeddable":true,"href":"https:\/\/ambtirana.esteri.it\/it\/wp-json\/wp\/v2\/tags?post=4656"}],"curies":[{"name":"wp","href":"https:\/\/api.w.org\/{rel}","templated":true}]}}