{"id":4717,"date":"2014-06-30T15:02:50","date_gmt":"2014-06-30T13:02:50","guid":{"rendered":"https:\/\/ambtirana.esteri.it\/news\/dall_ambasciata\/2014\/06\/un-viaggio-verso-l-europa\/"},"modified":"2014-06-30T15:02:50","modified_gmt":"2014-06-30T13:02:50","slug":"un-viaggio-verso-l-europa","status":"publish","type":"post","link":"https:\/\/ambtirana.esteri.it\/it\/news\/dall_ambasciata\/2014\/06\/un-viaggio-verso-l-europa\/","title":{"rendered":"UN VIAGGIO VERSO L\u2019EUROPA &#8211; Le Orchestre Giovanili Albanese ed Italiana insieme a Tirana per l\u2019apertura del Semestre di Presidenza Italiana del Consiglio dell\u2019Unione Europea. Teatro dell\u2019Opera e del Balletto di Tirana in data\u00a01 luglio 2014, ore 20.00"},"content":{"rendered":"<p>L\u2019Ambasciata d\u2019Italia a Tirana ha il piacere di informare che il prossimo 1 luglio, alle ore 20, avr\u00e0 luogo presso il Teatro dell\u2019Opera e del Balletto di Tirana l\u2019inaugurazione ufficiale del Semestre di Presidenza Italiana del Consiglio dell\u2019Unione Europea, con un concerto che vedr\u00e0 unite l\u2019Orchestra Giovanile della Scuola di Musica di Fiesole e l\u2019Orchestra Giovanile Albanese, dirette dal Maestro Guido Corti. <BR>Il concerto si intitola Un viaggio verso l\u2019Europa e prevede un repertorio di musiche particolarmente rappresentative delle diverse componenti dell\u2019identit\u00e0 europea: saranno eseguite l\u2019Ouverture de L\u2019Italiana in Algeri, la Sinfonia n. 104 in Re maggiore di Haydn, le Danze Rumene di Bartok e le Danze Ungheresi di Brahms. <BR>L\u2019evento, con direzione artistica di P\u00ebllumb Vorpsi ed Arb\u00ebr Neziri, \u00e8 organizzato dall\u2019Ambasciata d\u2019Italia in Albania e dall\u2019Istituto Italiano di Cultura, con il prezioso sostegno del Ministero della Cultura albanese e in collaborazione con la Fondazione Idea, la Scuola di Musica di Fiesole ed il Teatro dell\u2019Opera e del Balletto di Tirana. Parte del progetto \u00e8 anche la Radio Televisione Albanese.<BR>Affidare a questo concerto l\u2019apertura a Tirana del Semestre di Presidenza del Consiglio dell\u2019Unione Europea riveste per l\u2019Italia un particolare significato, perch\u00e9 l\u2019Ambasciata d\u2019Italia in Albania, insieme all\u2019Istituto di Cultura, ha sostenuto sin dal suo nascere questa proficua collaborazione fra i due Paesi per la costituzione di una Orchestra Giovanile Albanese e la creazione a Tirana di una Accademia di Musica sul modello di quella fiesolana. <BR>Il viaggio verso l\u2019Europa che d\u00e0 il titolo al concerto, inoltre, ha un doppio significato: \u201c\u00e8 chiaro a tutti che il posto dell\u2019Albania \u00e8 in Europa, per storia, cultura, valori\u201d aveva detto pochi mesi fa il Presidente Napolitano in visita a Tirana e, a pochi giorni dalla concessione di status di candidato, diventa realt\u00e0 per il Paese l\u2019avvicinamento all\u2019Europa, da sempre sostenuto e incoraggiato con determinazione dall\u2019Italia. <BR>Il viaggio verso l\u2019Europa del titolo allude inoltre al prossimo impegno delle due orchestre, che porter\u00e0 i giovani musicisti ad esibirsi dapprima a Sarajevo e poi a Bruxelles, per festeggiare davanti al Parlamento Europeo il loro ingresso nella Federazione delle Orchestre Giovanili Europee. <BR>Le iniziative in programma in occasione del Semestre di Presidenza Italiana proseguiranno il prossimo 3 luglio quando sar\u00e0 inaugurata la mostra Confini: linguaggi, spazi, cose, persone presso l\u2019Istituto Italiano di Cultura alle ore 18.30 con una mostra fotografica dell\u2019artista Agnese Purgatorio.<BR><\/p>\n","protected":false},"excerpt":{"rendered":"L\u2019Ambasciata d\u2019Italia a Tirana ha il piacere di informare che il prossimo 1 luglio, alle ore 20, avr\u00e0 luogo presso il Teatro dell\u2019Opera e del Balletto di Tirana l\u2019inaugurazione ufficiale del Semestre di Presidenza Italiana del Consiglio dell\u2019Unione Europea, con un concerto che vedr\u00e0 unite l\u2019Orchestra Giovanile della Scuola di Musica di Fiesole e l\u2019Orchestra [&hellip;]","protected":false},"author":1,"featured_media":0,"comment_status":"","ping_status":"","sticky":false,"template":"","format":"standard","meta":{"footnotes":""},"tags":[],"class_list":["post-4717","post","type-post","status-publish","format-standard","hentry"],"_links":{"self":[{"href":"https:\/\/ambtirana.esteri.it\/it\/wp-json\/wp\/v2\/posts\/4717","targetHints":{"allow":["GET"]}}],"collection":[{"href":"https:\/\/ambtirana.esteri.it\/it\/wp-json\/wp\/v2\/posts"}],"about":[{"href":"https:\/\/ambtirana.esteri.it\/it\/wp-json\/wp\/v2\/types\/post"}],"author":[{"embeddable":true,"href":"https:\/\/ambtirana.esteri.it\/it\/wp-json\/wp\/v2\/users\/1"}],"replies":[{"embeddable":true,"href":"https:\/\/ambtirana.esteri.it\/it\/wp-json\/wp\/v2\/comments?post=4717"}],"version-history":[{"count":0,"href":"https:\/\/ambtirana.esteri.it\/it\/wp-json\/wp\/v2\/posts\/4717\/revisions"}],"wp:attachment":[{"href":"https:\/\/ambtirana.esteri.it\/it\/wp-json\/wp\/v2\/media?parent=4717"}],"wp:term":[{"taxonomy":"post_tag","embeddable":true,"href":"https:\/\/ambtirana.esteri.it\/it\/wp-json\/wp\/v2\/tags?post=4717"}],"curies":[{"name":"wp","href":"https:\/\/api.w.org\/{rel}","templated":true}]}}