{"id":4779,"date":"2014-04-11T10:06:14","date_gmt":"2014-04-11T08:06:14","guid":{"rendered":"https:\/\/ambtirana.esteri.it\/news\/dall_ambasciata\/2014\/04\/nuovi-progetti-2014\/"},"modified":"2014-04-11T10:06:14","modified_gmt":"2014-04-11T08:06:14","slug":"nuovi-progetti-2014","status":"publish","type":"post","link":"https:\/\/ambtirana.esteri.it\/it\/news\/dall_ambasciata\/2014\/04\/nuovi-progetti-2014\/","title":{"rendered":"Societ\u00e0 civile e Cooperazione italiana in Albania \u2013 Nuovi progetti 2014. Evento di lancio di tre progetti finanziati dalla Cooperazione Italiana attraverso ONG italiane nel settore dello sviluppo territoriale, inclusione sociale e formazione professionale"},"content":{"rendered":"<p><P><STRONG>Il 14 Aprile c.m., dalle ore 10.00 alle 12.00, presso l\u2019Hotel Tirana International \u2013 Sala Teuta<\/STRONG>,\u00a0 in presenza del Vice Primo Ministro S.E. Niko Peleshi e dell\u2019Ambasciatore d\u2019Italia a Tirana S.E. Massimo Gaiani, si terr\u00e0 la Conferenza di lancio dei tre progetti finanziati dalla Cooperazione Italiana attraverso ONG per l\u2019anno 2014. <\/P><P>I progetti promossi dalle ONG italiane sono uno dei canali di finanziamento della Cooperazione Italiana in Albania e sono realizzati con partner albanesi istituzionali e della societ\u00e0 civile. Negli ultimi tre anni l\u2019impegno finanziario italiano attraverso questo canale \u00e8 stato di oltre 19 milioni di Euro. Ad oggi sono presenti in Albania oltre 20 ONG italiane, che operano in diversi settori, tra cui quello sanitario, educativo, occupazionale, dello sviluppo rurale, promuovendo l\u2019inclusione delle fasce sociali svantaggiate e il miglioramento delle condizioni di vita nelle aree periferiche del paese.<\/P><br \/>\n<P>A seguito del bando relativo all\u2019anno 2013, il Ministero degli Affari Esteri italiano \u2013 Direzione Generale per la Cooperazione allo Sviluppo\u00a0 ha selezionato 3 progetti relativi all\u2019Albania, con attivit\u00e0 su quasi tutto il territorio nazionale, per un valore complessivo di 4.194.499,42 \u20ac, che inizieranno le attivit\u00e0 nei prossimi giorni.\u00a0 <\/P><br \/>\n<P>Nello specifico si tratta dei seguenti progetti:<\/P><br \/>\n<P>1.\u00a0\u201cEducazione inclusiva per bambini con bisogni educativi speciali in Albania\u201d, implementato dalla ONG Save The Children Italia e finanziato con un contributo pari a Euro 700.000, intende promuovere un\u2019educazione inclusiva per i bambini con disabilit\u00e0, a livello nazionale, ed ha come partner istituzionale il Ministero dell\u2019Istruzione e dello Sport albanese. <\/P><br \/>\n<P>2.\u00a0\u201cFavorire l\u2019accesso al mondo del lavoro e la creazione di impresa nel centro sud Albania\u201d, implementato dalla ONG ENGIM e finanziato con un contributo DGCS pari a Euro 494.499,42, intende contribuire nel settore della formazione professionale e della creazione di impresa nel territorio del sud Albania ed ha come partner istituzionali i Comuni di Fier, Lushnje, Patos, Roskovec, il Qark di Fier e il Ministero del Welfare e della giovent\u00f9 albanese. <\/P><br \/>\n<P>3.\u00a0\u201cBuk\u00eb, Krip\u00eb, Zem\u00ebr \u2013 Cibo, tradizione e cultura: processi di co-sviluppo in aree marginali del nord e sud dell\u2019Albania\u201d, implementato dalle ONG VIS e CESVI e finanziato con un contributo pari a Euro 3.000.000, intende promuovere i territori e potenziare le relative filiere produttive dei territori di Scutari ed Argirocastro. Il progetto ha come partner istituzionali il Comune di P\u00ebrmet e il Comune di Shkrel. <BR><\/P><\/p>\n","protected":false},"excerpt":{"rendered":"Il 14 Aprile c.m., dalle ore 10.00 alle 12.00, presso l\u2019Hotel Tirana International \u2013 Sala Teuta,\u00a0 in presenza del Vice Primo Ministro S.E. Niko Peleshi e dell\u2019Ambasciatore d\u2019Italia a Tirana S.E. Massimo Gaiani, si terr\u00e0 la Conferenza di lancio dei tre progetti finanziati dalla Cooperazione Italiana attraverso ONG per l\u2019anno 2014. I progetti promossi dalle [&hellip;]","protected":false},"author":1,"featured_media":0,"comment_status":"","ping_status":"","sticky":false,"template":"","format":"standard","meta":{"footnotes":""},"tags":[],"class_list":["post-4779","post","type-post","status-publish","format-standard","hentry"],"_links":{"self":[{"href":"https:\/\/ambtirana.esteri.it\/it\/wp-json\/wp\/v2\/posts\/4779","targetHints":{"allow":["GET"]}}],"collection":[{"href":"https:\/\/ambtirana.esteri.it\/it\/wp-json\/wp\/v2\/posts"}],"about":[{"href":"https:\/\/ambtirana.esteri.it\/it\/wp-json\/wp\/v2\/types\/post"}],"author":[{"embeddable":true,"href":"https:\/\/ambtirana.esteri.it\/it\/wp-json\/wp\/v2\/users\/1"}],"replies":[{"embeddable":true,"href":"https:\/\/ambtirana.esteri.it\/it\/wp-json\/wp\/v2\/comments?post=4779"}],"version-history":[{"count":0,"href":"https:\/\/ambtirana.esteri.it\/it\/wp-json\/wp\/v2\/posts\/4779\/revisions"}],"wp:attachment":[{"href":"https:\/\/ambtirana.esteri.it\/it\/wp-json\/wp\/v2\/media?parent=4779"}],"wp:term":[{"taxonomy":"post_tag","embeddable":true,"href":"https:\/\/ambtirana.esteri.it\/it\/wp-json\/wp\/v2\/tags?post=4779"}],"curies":[{"name":"wp","href":"https:\/\/api.w.org\/{rel}","templated":true}]}}