{"id":4823,"date":"2014-03-04T12:22:08","date_gmt":"2014-03-04T11:22:08","guid":{"rendered":"https:\/\/ambtirana.esteri.it\/news\/dall_ambasciata\/2014\/03\/una-e-indivisibile\/"},"modified":"2014-03-04T12:22:08","modified_gmt":"2014-03-04T11:22:08","slug":"una-e-indivisibile","status":"publish","type":"post","link":"https:\/\/ambtirana.esteri.it\/it\/news\/dall_ambasciata\/2014\/03\/una-e-indivisibile\/","title":{"rendered":"Una e Indivisibile \u2013 Riflessioni sui 150 anni della nostra Italia di Giorgio Napolitano presentato in versione albanese al gioved\u00ec letterario dell\u2019Istituto Italiano di Cultura di Tirana, Gioved\u00ec 6 marzo 2014, ore 18, Palazzo della Cultura, II piano, Piazza Sk\u00ebnderbej \u2013 Tirana"},"content":{"rendered":"<p><P>Una e Indivisibile \u2013 Riflessioni sui 150 anni della nostra Italia di Giorgio Napolitano.<\/P><P>In occasione della visita a Tirana del Presidente della Repubblica Italiana Giorgio Napolitano il prossimo 5 marzo, il gioved\u00ec letterario dell\u2019Istituto Italiano di Cultura di Tirana, in programma il 6 marzo 2014 alle ore 18, sar\u00e0 dedicato alla presentazione del libro Una e Indivisibile \u2013 Riflessioni sui 150 anni della nostra Italia, tradotto in albanese dall\u2019Albanian Institute for International Studies, con il titolo Nj\u00eb dhe e Pandashme \u2013 Refleksione mbi 150 vitet e Italis\u00eb son\u00eb.<BR>Alla presenza dell\u2019Ambasciatore d\u2019Italia S.E. Massimo Gaiani, le riflessioni del Presidente Napolitano sul processo di unificazione d\u2019Italia saranno presentate dal Professor Albert Rakipi, Direttore dell\u2019Albanian Institute for International Studies e dal Professor Pellumb Xhufi, gi\u00e0 Ambasciatore\u00a0 d\u2019Albania in Italia.<BR>Come scrive il Presidente Giorgio Napolitano nella prefazione alla nuova edizione 2012 del libro, pubblicato per la prima volta nel 2011 in occasione del Centocinquantenario dell\u2019Unit\u00e0 d\u2019Italia, \u00e8 importante \u201cdare una proiezione oltre la scadenza di quell\u2019anniversario al messaggio scaturito dalle celebrazioni e di garantire la continuit\u00e0 di un impegno non esauribile in un breve arco di tempo\u201d. \u00c8 fondamentale \u201ccontinuare ad interrogarci sulla storia dell\u2019Italia unita, a studiarla e discuterla, perch\u00e9 ancora pi\u00f9 diffusa divenga la consapevolezza del patrimonio di esperienze e di valori che essa racchiude, dei motivi di orgoglio e di fiducia che possiamo trarne per rafforzare la nostra comunit\u00e0 nazionale mettendola meglio in grado di affrontare le ardue sfide del presente e del prossimo futuro\u201d.<BR>La pubblicazione del libro \u00e8, dunque, di grande attualit\u00e0 e permetter\u00e0 al pubblico albanese di ripercorrere le tappe salienti del processo di unificazione italiana.<\/P><br \/>\n<P>\u00a0<\/P><\/p>\n","protected":false},"excerpt":{"rendered":"Una e Indivisibile \u2013 Riflessioni sui 150 anni della nostra Italia di Giorgio Napolitano.In occasione della visita a Tirana del Presidente della Repubblica Italiana Giorgio Napolitano il prossimo 5 marzo, il gioved\u00ec letterario dell\u2019Istituto Italiano di Cultura di Tirana, in programma il 6 marzo 2014 alle ore 18, sar\u00e0 dedicato alla presentazione del libro Una [&hellip;]","protected":false},"author":1,"featured_media":0,"comment_status":"","ping_status":"","sticky":false,"template":"","format":"standard","meta":{"footnotes":""},"tags":[],"class_list":["post-4823","post","type-post","status-publish","format-standard","hentry"],"_links":{"self":[{"href":"https:\/\/ambtirana.esteri.it\/it\/wp-json\/wp\/v2\/posts\/4823","targetHints":{"allow":["GET"]}}],"collection":[{"href":"https:\/\/ambtirana.esteri.it\/it\/wp-json\/wp\/v2\/posts"}],"about":[{"href":"https:\/\/ambtirana.esteri.it\/it\/wp-json\/wp\/v2\/types\/post"}],"author":[{"embeddable":true,"href":"https:\/\/ambtirana.esteri.it\/it\/wp-json\/wp\/v2\/users\/1"}],"replies":[{"embeddable":true,"href":"https:\/\/ambtirana.esteri.it\/it\/wp-json\/wp\/v2\/comments?post=4823"}],"version-history":[{"count":0,"href":"https:\/\/ambtirana.esteri.it\/it\/wp-json\/wp\/v2\/posts\/4823\/revisions"}],"wp:attachment":[{"href":"https:\/\/ambtirana.esteri.it\/it\/wp-json\/wp\/v2\/media?parent=4823"}],"wp:term":[{"taxonomy":"post_tag","embeddable":true,"href":"https:\/\/ambtirana.esteri.it\/it\/wp-json\/wp\/v2\/tags?post=4823"}],"curies":[{"name":"wp","href":"https:\/\/api.w.org\/{rel}","templated":true}]}}