{"id":4833,"date":"2014-02-21T12:32:01","date_gmt":"2014-02-21T11:32:01","guid":{"rendered":"https:\/\/ambtirana.esteri.it\/news\/dall_ambasciata\/2014\/02\/conoscere-curare-mostrare\/"},"modified":"2014-02-21T12:32:01","modified_gmt":"2014-02-21T11:32:01","slug":"conoscere-curare-mostrare","status":"publish","type":"post","link":"https:\/\/ambtirana.esteri.it\/it\/news\/dall_ambasciata\/2014\/02\/conoscere-curare-mostrare\/","title":{"rendered":"Conoscere, curare, mostrare"},"content":{"rendered":"<p><P>Ricerche italiane per il patrimonio archeologico e monumentale dell\u2019Albania<BR>Inaugurazione: 25 febbraio 2014, ore 12<BR>Museo Storico Nazionale di Tirana<\/P><P>L\u2019Istituto Italiano di Cultura \u00e8 lieto di informare che il prossimo 25 febbraio, alle ore 12, sar\u00e0 inaugurata presso il Museo Storico Nazionale di Tirana una mostra dal titolo Conoscere, curare, mostrare. Ricerche italiane per il patrimonio archeologico e monumentale dell\u2019Albania.<\/P><br \/>\n<P>L\u2019iniziativa \u00e8 frutto della collaborazione di tre universit\u00e0 italiane (Politecnico di Bari, Universit\u00e0 di Parma e di Chieti-Pescara) da anni impegnate nelle ricerche sul patrimonio archeologico ed architettonico albanese, in collaborazione con l\u2019Istituto dei Monumenti della Cultura e l\u2019Istituto di Archeologia Albanesi. Esperti di tre diverse discipline \u2013 archeologia, architettura e museologia \u2013 si sono uniti, grazie al ruolo di coordinamento svolto dall\u2019Istituto Italiano di Cultura, nel segno del comune obiettivo della valorizzazione del patrimonio culturale e presenteranno quattro progetti inediti di restauro relativi al Museo Archeologico di Durazzo, all\u2019Anfiteatro di Durazzo e al Museo Archeologico di Tirana.<\/P><br \/>\n<P>I progetti relativi ai Musei Archeologici di Durazzo e di Tirana sono stati realizzati dal DICAR (Dipartimento di Scienze dell\u2019Ingegneria Civile e dell\u2019Architettura) del Politecnico di Bari con il coordinamento della Professoressa Anna Bruna Menghini, mentre il progetto di valorizzazione dell\u2019anfiteatro di Durazzo, formulato in due diverse versioni nell\u2019ambito della Missione Archeologica Italiana a Durazzo (Universit\u00e0 di Parma, Universit\u00e0 di Chieti-Pescara, Ministero degli Affari Esteri) in collaborazione con l\u2019Istituto d\u2019Archeologia d\u2019Albania e l\u2019Istituto dei Monumenti della Cultura, si deve ai professori Sara Santoro, Paolo Giandebiaggi e Claudio Varagnoli.<\/P><br \/>\n<P>L\u2019inaugurazione della mostra, che rester\u00e0 aperta fino al 1\u00b0 marzo, sar\u00e0 preceduta da un tavolo di lavoro destinato ad esperti del settore con l\u2019obiettivo di intensificare le collaborazioni scientifiche e le ricerche congiunte tra le Universit\u00e0 italiane e le Istituzioni albanesi. La mostra sar\u00e0 arricchita da un catalogo che raccoglier\u00e0 i contributi delle tre universit\u00e0 coinvolte nel progetto a favore della valorizzazione del patrimonio archeologico albanese. <\/P><br \/>\n<P><BR>\u00a0<IMG style=\"WIDTH: 714px; HEIGHT: 764px\" border=\"0\" alt=\"Locandina Conoscere, curare, mostrare\" src=\"\/resource\/2014\/02\/31065_f_locandinaweb21x21.jpg\" width=\"385\" height=\"713\"><\/P><br \/>\n<P>\u00a0<\/P><\/p>\n","protected":false},"excerpt":{"rendered":"Ricerche italiane per il patrimonio archeologico e monumentale dell\u2019AlbaniaInaugurazione: 25 febbraio 2014, ore 12Museo Storico Nazionale di TiranaL\u2019Istituto Italiano di Cultura \u00e8 lieto di informare che il prossimo 25 febbraio, alle ore 12, sar\u00e0 inaugurata presso il Museo Storico Nazionale di Tirana una mostra dal titolo Conoscere, curare, mostrare. Ricerche italiane per il patrimonio archeologico [&hellip;]","protected":false},"author":1,"featured_media":0,"comment_status":"","ping_status":"","sticky":false,"template":"","format":"standard","meta":{"footnotes":""},"tags":[],"class_list":["post-4833","post","type-post","status-publish","format-standard","hentry"],"_links":{"self":[{"href":"https:\/\/ambtirana.esteri.it\/it\/wp-json\/wp\/v2\/posts\/4833","targetHints":{"allow":["GET"]}}],"collection":[{"href":"https:\/\/ambtirana.esteri.it\/it\/wp-json\/wp\/v2\/posts"}],"about":[{"href":"https:\/\/ambtirana.esteri.it\/it\/wp-json\/wp\/v2\/types\/post"}],"author":[{"embeddable":true,"href":"https:\/\/ambtirana.esteri.it\/it\/wp-json\/wp\/v2\/users\/1"}],"replies":[{"embeddable":true,"href":"https:\/\/ambtirana.esteri.it\/it\/wp-json\/wp\/v2\/comments?post=4833"}],"version-history":[{"count":0,"href":"https:\/\/ambtirana.esteri.it\/it\/wp-json\/wp\/v2\/posts\/4833\/revisions"}],"wp:attachment":[{"href":"https:\/\/ambtirana.esteri.it\/it\/wp-json\/wp\/v2\/media?parent=4833"}],"wp:term":[{"taxonomy":"post_tag","embeddable":true,"href":"https:\/\/ambtirana.esteri.it\/it\/wp-json\/wp\/v2\/tags?post=4833"}],"curies":[{"name":"wp","href":"https:\/\/api.w.org\/{rel}","templated":true}]}}