{"id":4879,"date":"2014-02-04T09:22:12","date_gmt":"2014-02-04T08:22:12","guid":{"rendered":"https:\/\/ambtirana.esteri.it\/news\/dall_ambasciata\/2014\/02\/sabato-8-e-domenica-9-febbraio-2014-in-scena-al-teatro-dell-opera-e-del-balletto-di-tirana-il-ballet\/"},"modified":"2014-02-04T09:22:12","modified_gmt":"2014-02-04T08:22:12","slug":"sabato-8-e-domenica-9-febbraio-2014-in-scena-al-teatro-dell-opera-e-del-balletto-di-tirana-il-ballet","status":"publish","type":"post","link":"https:\/\/ambtirana.esteri.it\/it\/news\/dall_ambasciata\/2014\/02\/sabato-8-e-domenica-9-febbraio-2014-in-scena-al-teatro-dell-opera-e-del-balletto-di-tirana-il-ballet\/","title":{"rendered":"Sabato 8 e domenica 9 febbraio 2014 in scena al Teatro dell\u2019Opera e del Balletto di Tirana il balletto Giselle interpretato dagli straordinari Petra Conti ed Eris Nezha, gi\u00e0 primi ballerini al Teatro alla Scala di Milano ed ora principal dancers presso il Boston Ballet."},"content":{"rendered":"<p><P>Petra Conti ed Eris Nezha <BR>protagonisti del balletto Giselle<BR>8 e 9 febbraio 2014<BR>Teatro dell\u2019Opera e del Balletto di Tirana<\/P><P>Sabato 8 e domenica 9 febbraio 2014 i protagonisti del balletto Giselle in scena al Teatro dell\u2019Opera e del Balletto di Tirana saranno interpretati dagli straordinari Petra Conti ed Eris Nezha, gi\u00e0 primi ballerini al Teatro alla Scala di Milano ed ora principal dancers presso il Boston Ballet.<BR>La partecipazione della coppia di artisti di fama internazionale alla celebre opera di Adolph Adam \u00e8 stata resa possibile grazie al sostegno dell\u2019 Istituto Italiano di Cultura di Tirana.<BR>Petra Conti ed Eris Nezha saranno accompagnati dal corpo di ballo e dall\u2019orchestra sinfonica del Teatro dell\u2019Opera e del Balletto di Tirana. <BR>Petra Conti, di padre italiano e di madre polacca, si \u00e8 diplomata nel 2006 all\u2019Accademia Nazionale di Danza a Roma con il M\u00b0 Zarko Prebil poi, dopo un anno di perfezionamento al Marijinsky di San Pietroburgo e una stagione al Bavarian State Ballet di Monaco, ha debuttato nel 2009 al Teatro alla Scala proprio con il ruolo di Giselle.<BR>Eris Nezha ha conseguito il diploma all\u2019Accademia di Danza di Tirana nel 1997, poi si \u00e8 trasferito a Milano e, dopo un anno di formazione al Teatro Carcano, \u00e8 stato ammesso alla Scuola di Ballo della Scala, dove si \u00e8 diplomato nel 2002. Da quel momento ha partecipato a varie produzioni con il corpo di ballo.<BR>Il 2011 \u00e8 stato l\u2019anno di svolta dei due artisti, che sono stati nominati dal direttore Makhar Vaziev Primi ballerini del Teatro alla Scala durante la tourn\u00e9e al Bolshoi di Mosca con lo spettacolo Sogno di una notte di mezza estate. Nello stesso anno \u00e8 stato loro attribuito il \u201cPremio Danza &#038; Danza\u201d come Migliori Interpreti dell\u2019anno.<BR>Petra Conti ed Eris Nezha, coppia di lavoro oltre che nella vita, dal 2013 sono principal dancers al Boston Ballet.<BR><\/P><br \/>\n<P><IMG style=\"WIDTH: 933px; HEIGHT: 648px\" border=\"0\" alt=\"Balletto Giselle \" src=\"\/resource\/2014\/02\/30550_f_giselle.JPG\" width=\"1673\" height=\"1240\"><\/P><\/p>\n","protected":false},"excerpt":{"rendered":"Petra Conti ed Eris Nezha protagonisti del balletto Giselle8 e 9 febbraio 2014Teatro dell\u2019Opera e del Balletto di TiranaSabato 8 e domenica 9 febbraio 2014 i protagonisti del balletto Giselle in scena al Teatro dell\u2019Opera e del Balletto di Tirana saranno interpretati dagli straordinari Petra Conti ed Eris Nezha, gi\u00e0 primi ballerini al Teatro alla [&hellip;]","protected":false},"author":1,"featured_media":0,"comment_status":"","ping_status":"","sticky":false,"template":"","format":"standard","meta":{"footnotes":""},"tags":[],"class_list":["post-4879","post","type-post","status-publish","format-standard","hentry"],"_links":{"self":[{"href":"https:\/\/ambtirana.esteri.it\/it\/wp-json\/wp\/v2\/posts\/4879","targetHints":{"allow":["GET"]}}],"collection":[{"href":"https:\/\/ambtirana.esteri.it\/it\/wp-json\/wp\/v2\/posts"}],"about":[{"href":"https:\/\/ambtirana.esteri.it\/it\/wp-json\/wp\/v2\/types\/post"}],"author":[{"embeddable":true,"href":"https:\/\/ambtirana.esteri.it\/it\/wp-json\/wp\/v2\/users\/1"}],"replies":[{"embeddable":true,"href":"https:\/\/ambtirana.esteri.it\/it\/wp-json\/wp\/v2\/comments?post=4879"}],"version-history":[{"count":0,"href":"https:\/\/ambtirana.esteri.it\/it\/wp-json\/wp\/v2\/posts\/4879\/revisions"}],"wp:attachment":[{"href":"https:\/\/ambtirana.esteri.it\/it\/wp-json\/wp\/v2\/media?parent=4879"}],"wp:term":[{"taxonomy":"post_tag","embeddable":true,"href":"https:\/\/ambtirana.esteri.it\/it\/wp-json\/wp\/v2\/tags?post=4879"}],"curies":[{"name":"wp","href":"https:\/\/api.w.org\/{rel}","templated":true}]}}