{"id":4885,"date":"2014-01-31T16:26:33","date_gmt":"2014-01-31T15:26:33","guid":{"rendered":"https:\/\/ambtirana.esteri.it\/news\/dall_ambasciata\/2014\/01\/seminario-di-formazione-per-docenti-di-italiano-del-programma-illiria\/"},"modified":"2014-01-31T16:26:33","modified_gmt":"2014-01-31T15:26:33","slug":"seminario-di-formazione-per-docenti-di-italiano-del-programma-illiria","status":"publish","type":"post","link":"https:\/\/ambtirana.esteri.it\/it\/news\/dall_ambasciata\/2014\/01\/seminario-di-formazione-per-docenti-di-italiano-del-programma-illiria\/","title":{"rendered":"Seminario di formazione per docenti di Italiano del Programma Illiria il 25 gennaio 2014 al Palazzo di Cultura, Sala Nene Tereza."},"content":{"rendered":"<p><P><BR>L\u2019Ufficio per la Cooperazione Scolastica dell\u2019Ambasciata d\u2019Italia a Tirana, in collaborazione con il Ministero dell\u2019Istruzione e lo Sport albanese, l\u2019Istituto Italiano di Cultura a Tirana e con il sostegno della societ\u00e0 Albacall, organizzano il 25 gennaio, presso la Sala Nene Tereza del Palazzo di Cultura di Tirana, un Seminario di formazione per docenti di Italiano del Programma Illiria, programma di collaborazione tra i Ministeri dell\u2019Istruzione dei due Paesi. In particolare, il Programma si prefigge come obiettivo la promozione e il rafforzamento dell\u2019insegnamento e della lingua italiana nel sistema pre-universitario albanese. <\/P><P>Il seminario \u00e8 concepito come momento di riflessione sull\u2019attuazione di buone pratiche didattiche a sostegno dell\u2019insegnamento e della valutazione della lingua italiana. Il tema centrale affrontato sar\u00e0 quello della valutazione delle competenze di lingua italiana secondo il Quadro Comune di Riferimento europeo.\u00a0\u00a0 <\/P><br \/>\n<P>I lavori saranno avviati ufficialmente dal Segretario Generale del Ministero dell\u2019Istruzione e dello Sport, Plarent Ndreca, e dal Primo Consigliere dell\u2019Ambasciata d\u2019Italia, Marcello Cavalcaselle, <BR>la Dirigente dell\u2019Ufficio Scolastico, dott.ssa Monica Gozzini Turelli e la dott.ssa Tatjana Vu\u00e7ani, esperta del dipartimento per l\u2019educazione universitaria del Ministero dell\u2019Istruzione e dello Sport della Repubblica d\u2019Albania <\/P><br \/>\n<P>Attraverso la presenza del vice direttore generale Direzione Generale Studente del Miur di Roma, Antonio Cutolo, e del Dirigente Ufficio Scolastico di Brescia, Mario Maviglia, si intende costruire un ponte di collaborazione, un primo contatto diretto tra istituzioni scolastiche in modo che si possa aprire in futuro, per gli studenti albanesi, la possibilit\u00e0 di organizzare periodi di studio presso le scuole italiane. <BR>Interverranno sulle questioni squisitamente didattiche riferite al tema della valutazione la prof.ssa Patrizia Capoferri, docente di didattica all\u2019Universit\u00e0 Cattolica di Milano e referente dell\u2019Ufficio Intercultura di Brescia e, per le attivit\u00e0 laboratoriali, la prof.ssa Francesca Pizzamiglio, docente nei Centri Intercultura.\u00a0 <\/P><br \/>\n<P>Questo seminario si avvale della preziosa collaborazione dell\u2019Istituto Italiano di Cultura, rappresentato dalla Direttrice Fulvia Veneziani e dell\u2019Apadi, Associazione dei Professori Albanesi di Italiano. L\u2019APADI, Associazione senza scopo di lucro,\u00a0 si adopera dal 2011 dell\u2019insegnamento della lingua italiana come lingua straniera per favorire la promozione della diversit\u00e0 linguistica. <BR>Presente al convegno la dott.ssa Entela Ma\u00e7ka, presidente dell\u2019Associazione. <\/P><br \/>\n<P>Sostenere e migliorare le qualit\u00e0 di insegnamento dei docenti nel processo educativo e formativo, \u00e8 un obiettivo fortemente perseguito dalle istituzioni coinvolte, che anche questa volta, attraverso l\u2019organizzazione di questo convegno, hanno dimostrato la volont\u00e0 di offrire una formazione di qualit\u00e0, inserita in un pi\u00f9 vasto processo di crescita culturale e formativa. <\/P><br \/>\n<P>\u00a0<\/P><br \/>\n<P>\u00a0<\/P><br \/>\n<P>\u00a0<\/P><br \/>\n<P>\u00a0<\/P><br \/>\n<P>\u00a0<\/P><br \/>\n<P>\u00a0<\/P><br \/>\n<P>\u00a0<\/P><br \/>\n<P>\u00a0<\/P><br \/>\n<P>\u00a0<\/P><br \/>\n<P>\u00a0<\/P><br \/>\n<P>\u00a0<\/P><br \/>\n<P>\u00a0<\/P><br \/>\n<P>\u00a0<\/P><\/p>\n","protected":false},"excerpt":{"rendered":"L\u2019Ufficio per la Cooperazione Scolastica dell\u2019Ambasciata d\u2019Italia a Tirana, in collaborazione con il Ministero dell\u2019Istruzione e lo Sport albanese, l\u2019Istituto Italiano di Cultura a Tirana e con il sostegno della societ\u00e0 Albacall, organizzano il 25 gennaio, presso la Sala Nene Tereza del Palazzo di Cultura di Tirana, un Seminario di formazione per docenti di Italiano [&hellip;]","protected":false},"author":1,"featured_media":0,"comment_status":"","ping_status":"","sticky":false,"template":"","format":"standard","meta":{"footnotes":""},"tags":[],"class_list":["post-4885","post","type-post","status-publish","format-standard","hentry"],"_links":{"self":[{"href":"https:\/\/ambtirana.esteri.it\/it\/wp-json\/wp\/v2\/posts\/4885","targetHints":{"allow":["GET"]}}],"collection":[{"href":"https:\/\/ambtirana.esteri.it\/it\/wp-json\/wp\/v2\/posts"}],"about":[{"href":"https:\/\/ambtirana.esteri.it\/it\/wp-json\/wp\/v2\/types\/post"}],"author":[{"embeddable":true,"href":"https:\/\/ambtirana.esteri.it\/it\/wp-json\/wp\/v2\/users\/1"}],"replies":[{"embeddable":true,"href":"https:\/\/ambtirana.esteri.it\/it\/wp-json\/wp\/v2\/comments?post=4885"}],"version-history":[{"count":0,"href":"https:\/\/ambtirana.esteri.it\/it\/wp-json\/wp\/v2\/posts\/4885\/revisions"}],"wp:attachment":[{"href":"https:\/\/ambtirana.esteri.it\/it\/wp-json\/wp\/v2\/media?parent=4885"}],"wp:term":[{"taxonomy":"post_tag","embeddable":true,"href":"https:\/\/ambtirana.esteri.it\/it\/wp-json\/wp\/v2\/tags?post=4885"}],"curies":[{"name":"wp","href":"https:\/\/api.w.org\/{rel}","templated":true}]}}