{"id":4891,"date":"2014-01-31T13:43:41","date_gmt":"2014-01-31T12:43:41","guid":{"rendered":"https:\/\/ambtirana.esteri.it\/news\/dall_ambasciata\/2014\/01\/iic-presenta-il-programma-culturale-per-il-mese-di-febbraio\/"},"modified":"2014-01-31T13:43:41","modified_gmt":"2014-01-31T12:43:41","slug":"iic-presenta-il-programma-culturale-per-il-mese-di-febbraio","status":"publish","type":"post","link":"https:\/\/ambtirana.esteri.it\/it\/news\/dall_ambasciata\/2014\/01\/iic-presenta-il-programma-culturale-per-il-mese-di-febbraio\/","title":{"rendered":"L\u2019Istituto Italiano di Cultura di Tirana presenta il programma culturale per il mese di febbraio."},"content":{"rendered":"<p><P>Cinema, musica, archeologia, balletto: <BR>il programma di febbraio dell\u2019Istituto Italiano di Cultura di Tirana <\/P><P>L\u2019Istituto Italiano di Cultura di Tirana ha il piacere di presentare un ricco e vario programma per il mese di febbraio.<BR>Il primo appuntamento avr\u00e0 luogo il 6 febbraio alle ore 15, quando l\u2019ormai consueto \u201cgioved\u00ec letterario\u201d presso la Biblioteca dell\u2019Istituto sar\u00e0 dedicato agli scrittori \u201cin erba\u201d delle sezioni bilingui italo-albanesi di Kor\u00e7a, Scutari e Tirana: alla presenza dell\u2019Ambasciatore d\u2019Italia Massimo Gaiani saranno premiati gli autori dei migliori racconti scritti in occasione del concorso letterario scolastico \u201cAttraversare la penisola: persone, incontri, ricordi, suggestioni, immaginazioni, paesaggi ed architetture da un viaggio in Italia\u201d.<BR>Sabato 8 e domenica 9 febbraio, grazie al sostegno dell\u2019IIC di Tirana, i protagonisti del balletto Giselle in scena al Teatro dell\u2019Opera e del Balletto di Tirana saranno interpretati dagli straordinari Petra Conti ed Eris Nezha, primi ballerini gi\u00e0 al Teatro alla Scala ed ora al Boston Ballet.<BR>Venerd\u00ec 14 febbraio il M\u00b0 Lorenzo Turchis Floris diriger\u00e0 l\u2019orchestra sinfonica della RTSH in un concerto dal titolo \u201cSan Valentino all\u2019opera\u201d, che proporr\u00e0 al pubblico brani di celeberrime opere di Verdi, Puccini, Rossini, Mascagni, Bizet, Mozart e Lehar. Il concerto si terr\u00e0 all\u2019Universit\u00e0 delle Arti ed avr\u00e0 inizio alle 19.<BR>Il 18 febbraio riprender\u00e0 la consueta collaborazione con l\u2019Accademia del Film e Multimedia Marubi per i \u201cMarted\u00ec di cinema italiano\u201d, dedicati quest\u2019anno al Neorealismo. La rassegna dedicata ad uno dei momenti pi\u00f9 celebri del cinema italiano si aprir\u00e0 con Roma citt\u00e0 aperta, capolavoro di Roberto Rossellini che consacr\u00f2 Anna Magnani, indimenticabile protagonista di una delle sequenze pi\u00f9 note e drammatiche della storia del cinema mondiale. <BR>La retrospettiva proseguir\u00e0 marted\u00ec 25 febbraio con un\u2019altra opera di Roberto Rossellini, Pais\u00e0.<BR>Sempre il 25 febbraio, alle ore 12, sar\u00e0 inaugurata al Museo Storico Nazionale di Tirana la mostra Patrimonio Architettonico, Museologia ed Archeologia: ricerche italiane per l\u2019Albania. La mostra, che rester\u00e0 aperta fino al 1\u00b0 marzo, riunir\u00e0 per la prima volta le ricerche svolte dai docenti di tre Universit\u00e0 italiane (Politecnico di Bari, Universit\u00e0 di Chieti &#8211; Pescara ed Universit\u00e0 di Parma) e sar\u00e0 preceduta da un tavolo di lavoro aperto ad esperti ed appassionati di valorizzazione del patrimonio culturale (9,30 -12).<BR>Le attivit\u00e0 dell\u2019IIC del mese di febbraio si chiuderanno gioved\u00ec 27 febbraio, alle ore 18.30, con la proiezione del film La kryptonite nella borsa di Ivan Cotroneo, che inaugurer\u00e0 un ciclo di cinema contemporaneo in programma ogni II e IV gioved\u00ec del mese presso la Sala Madre Teresa del Palazzo della Cultura. Per consultare il calendario degli eventi <A href=\"\/resource\/2014\/01\/30451_f_calendario_febbraio2014.pdf\">clicare qui<\/A>.<BR><\/P><\/p>\n","protected":false},"excerpt":{"rendered":"Cinema, musica, archeologia, balletto: il programma di febbraio dell\u2019Istituto Italiano di Cultura di Tirana L\u2019Istituto Italiano di Cultura di Tirana ha il piacere di presentare un ricco e vario programma per il mese di febbraio.Il primo appuntamento avr\u00e0 luogo il 6 febbraio alle ore 15, quando l\u2019ormai consueto \u201cgioved\u00ec letterario\u201d presso la Biblioteca dell\u2019Istituto sar\u00e0 [&hellip;]","protected":false},"author":1,"featured_media":0,"comment_status":"","ping_status":"","sticky":false,"template":"","format":"standard","meta":{"footnotes":""},"tags":[],"class_list":["post-4891","post","type-post","status-publish","format-standard","hentry"],"_links":{"self":[{"href":"https:\/\/ambtirana.esteri.it\/it\/wp-json\/wp\/v2\/posts\/4891","targetHints":{"allow":["GET"]}}],"collection":[{"href":"https:\/\/ambtirana.esteri.it\/it\/wp-json\/wp\/v2\/posts"}],"about":[{"href":"https:\/\/ambtirana.esteri.it\/it\/wp-json\/wp\/v2\/types\/post"}],"author":[{"embeddable":true,"href":"https:\/\/ambtirana.esteri.it\/it\/wp-json\/wp\/v2\/users\/1"}],"replies":[{"embeddable":true,"href":"https:\/\/ambtirana.esteri.it\/it\/wp-json\/wp\/v2\/comments?post=4891"}],"version-history":[{"count":0,"href":"https:\/\/ambtirana.esteri.it\/it\/wp-json\/wp\/v2\/posts\/4891\/revisions"}],"wp:attachment":[{"href":"https:\/\/ambtirana.esteri.it\/it\/wp-json\/wp\/v2\/media?parent=4891"}],"wp:term":[{"taxonomy":"post_tag","embeddable":true,"href":"https:\/\/ambtirana.esteri.it\/it\/wp-json\/wp\/v2\/tags?post=4891"}],"curies":[{"name":"wp","href":"https:\/\/api.w.org\/{rel}","templated":true}]}}