{"id":4925,"date":"2013-12-03T15:13:24","date_gmt":"2013-12-03T14:13:24","guid":{"rendered":"https:\/\/ambtirana.esteri.it\/news\/dall_ambasciata\/2013\/12\/claudio-magris-in-albania\/"},"modified":"2013-12-03T15:13:24","modified_gmt":"2013-12-03T14:13:24","slug":"claudio-magris-in-albania","status":"publish","type":"post","link":"https:\/\/ambtirana.esteri.it\/it\/news\/dall_ambasciata\/2013\/12\/claudio-magris-in-albania\/","title":{"rendered":"Claudio Magris in Albania"},"content":{"rendered":"<p><P>In occasione della pubblicazione in albanese dei suoi libri Microcosmi e L\u2019infinito viaggiare, Claudio Magris sar\u00e0 per la prima volta in Albania i prossimi 5 e 6 dicembre.<\/P><P>Tre gli appuntamenti con il pubblico:<BR>gioved\u00ec 5 dicembre il Professore terr\u00e0 alle ore 11 una lectio magistralis dal titolo \u201cLe due scritture\u201d nella Sala Illiria dell\u2019Universit\u00e0 di Tirana, destinata a studenti e docenti delle Facolt\u00e0 di Lingue e di Storia e Filologia. <BR>Sempre gioved\u00ec, nel pomeriggio, alle ore 18, \u00e8 in programma il \u201cgioved\u00ec letterario dell\u2019Istituto Italiano di Cultura con Claudio Magris\u201d e saranno presentati i libri Microcosmi e L\u2019infinito viaggiare tradotti per la prima volta in albanese a cura della casa editrice Aleph grazie al contributo alla traduzione concesso dal nostro Ministero degli Affari Esteri.<BR>Venerd\u00ec 6 dicembre il Professore sar\u00e0 a Scutari ed incontrer\u00e0 gli studenti dell\u2019Universit\u00e0 Luigj Gurakuqi, alle ore 10, sul tema \u201cIn viaggio: con o senza ritorno\u201d.<\/P><br \/>\n<P>Docente di letteratura tedesca all\u2019Universit\u00e0 di Trieste, saggista, studioso della cultura mittleuropea, traduttore, autore di testi narrativi e teatrali, Claudio Magris \u00e8 uno dei pi\u00f9 celebri intellettuali italiani, noto al grande pubblico soprattutto per le sue opere Danubio (1986), Un altro mare (1991), Microcosmi (1997), L\u2019infinito viaggiare (2005) [\u2013 la cui prefazione \u00e8 stata oggetto dell\u2019analisi del testo proposta agli ultimi esami di maturit\u00e0 statale in Italia.]<BR><\/P><\/p>\n","protected":false},"excerpt":{"rendered":"In occasione della pubblicazione in albanese dei suoi libri Microcosmi e L\u2019infinito viaggiare, Claudio Magris sar\u00e0 per la prima volta in Albania i prossimi 5 e 6 dicembre.Tre gli appuntamenti con il pubblico:gioved\u00ec 5 dicembre il Professore terr\u00e0 alle ore 11 una lectio magistralis dal titolo \u201cLe due scritture\u201d nella Sala Illiria dell\u2019Universit\u00e0 di Tirana, [&hellip;]","protected":false},"author":1,"featured_media":0,"comment_status":"","ping_status":"","sticky":false,"template":"","format":"standard","meta":{"footnotes":""},"tags":[],"class_list":["post-4925","post","type-post","status-publish","format-standard","hentry"],"_links":{"self":[{"href":"https:\/\/ambtirana.esteri.it\/it\/wp-json\/wp\/v2\/posts\/4925","targetHints":{"allow":["GET"]}}],"collection":[{"href":"https:\/\/ambtirana.esteri.it\/it\/wp-json\/wp\/v2\/posts"}],"about":[{"href":"https:\/\/ambtirana.esteri.it\/it\/wp-json\/wp\/v2\/types\/post"}],"author":[{"embeddable":true,"href":"https:\/\/ambtirana.esteri.it\/it\/wp-json\/wp\/v2\/users\/1"}],"replies":[{"embeddable":true,"href":"https:\/\/ambtirana.esteri.it\/it\/wp-json\/wp\/v2\/comments?post=4925"}],"version-history":[{"count":0,"href":"https:\/\/ambtirana.esteri.it\/it\/wp-json\/wp\/v2\/posts\/4925\/revisions"}],"wp:attachment":[{"href":"https:\/\/ambtirana.esteri.it\/it\/wp-json\/wp\/v2\/media?parent=4925"}],"wp:term":[{"taxonomy":"post_tag","embeddable":true,"href":"https:\/\/ambtirana.esteri.it\/it\/wp-json\/wp\/v2\/tags?post=4925"}],"curies":[{"name":"wp","href":"https:\/\/api.w.org\/{rel}","templated":true}]}}