{"id":4952,"date":"2013-10-23T13:24:21","date_gmt":"2013-10-23T11:24:21","guid":{"rendered":"https:\/\/ambtirana.esteri.it\/news\/dall_ambasciata\/2013\/10\/studiare-in-italia\/"},"modified":"2013-10-23T13:24:21","modified_gmt":"2013-10-23T11:24:21","slug":"studiare-in-italia","status":"publish","type":"post","link":"https:\/\/ambtirana.esteri.it\/it\/news\/dall_ambasciata\/2013\/10\/studiare-in-italia\/","title":{"rendered":"Studiare in Italia: le Universit\u00e0 italiane a Tirana per voi!"},"content":{"rendered":"<p><P>25 \u2013 26 ottobre 2013 <BR>Galleria Nazionale delle Arti, Tirana <\/P><P>Il Direttore Generale per gli Affari Internazionali del Ministero dell\u2019Istruzione, Universit\u00e0 e Ricerca Italiano ed i rappresentanti di oltre venti Universit\u00e0 italiane saranno a Tirana i prossimi 25 e 26 ottobre per la seconda edizione di un evento di promozione del sistema accademico italiano che avr\u00e0 luogo alla Galleria Nazionale delle Arti di Tirana (venerd\u00ec 25 ottobre dalle 10.30 alle 18.30 e sabato 26 ottobre dalle 9.30 alle 14.30). <\/P><br \/>\n<P>L\u2019 iniziativa \u00e8 organizzata nell\u2019ambito della Settimana della Lingua Italiana nel Mondo, promossa dal Ministero degli Affari Esteri e dall\u2019Accademia della Crusca, con l\u2019Alto Patronato del Presidente della Repubblica, e dedicata nella sua XIII edizione al tema Ricerca, scoperta, innovazione. L\u2019Italia dei saperi. <\/P><br \/>\n<P>Studiare in Italia \u00e8 alla sua seconda edizione: visto il successo registrato lo scorso anno, l\u2019Istituto Italiano di Cultura, con il Patrocinio dell\u2019Ambasciata d\u2019Italia a Tirana, ha deciso di estenderne la durata a due giorni, per offrire a tutti gli studenti albanesi la possibilit\u00e0 di un contatto diretto con varie Universit\u00e0, rappresentative di quasi tutte le regioni d\u2019Italia. I rappresentanti di ciascun Ateneo presente, infatti, terranno una breve presentazione con l\u2019obiettivo di mettere in luce le specificit\u00e0 ed i punti di forza della propria offerta didattica, ma saranno anche a disposizione per singoli incontri con potenziali studenti presso stand appositamente allestiti presso la Galleria delle Arti di Tirana. <\/P><br \/>\n<P>L\u2019apertura al pubblico \u00e8 prevista per le ore 10.30 di venerd\u00ec 25 ottobre, con una presentazione introduttiva del sistema accademico italiano a cura del Prof. Vito Antonio Stigliani. Seguir\u00e0, dalle ore 11 alle ore 14, la prima parte delle presentazioni di ogni singolo Ateneo, secondo il seguente ordine: Universit\u00e0 degli Studi di Macerata, di Camerino, Libera Universit\u00e0 Internazionale degli Studi Sociali LUISS, Universit\u00e0 degli Studi del Molise, di Pavia, di Bologna (Polo di Forl\u00ec), Universit\u00e0 per Stranieri di Perugia, Universit\u00e0 degli Studi Mediterranea di Reggio Calabria, Universit\u00e0 degli Studi di Palermo. <\/P><br \/>\n<P>Dopo la replica della presentazione del sistema accademico italiano da parte del Prof. Stigliani, si terr\u00e0, alle ore 15, l\u2019inaugurazione ufficiale di questa seconda edizione di Studiare in Italia, con gli interventi di S.E. l\u2019Ambasciatore d\u2019Italia a Tirana, Massimo Gaiani, del Direttore Generale per gli Affari Internazionali del MIUR, Dott. Marcello Limina, e del Ministro dell\u2019Istruzione albanese, Dott.ssa Lindita Nikolli. Seguir\u00e0 una breve cerimonia durante la quale PIA Petrolifera Italo Albanese, Banca Intesa San Paolo Albania e Veneto Banka consegneranno, per il terzo anno consecutivo, quattro borse di studio ad altrettanti studenti albanesi per i loro studi universitari in Italia. <\/P><br \/>\n<P>A partire dalle ore 16 saranno presentate le Universit\u00e0 della Calabria, l\u2019Universit\u00e0 degli Studi di Padova e il Politecnico di Bari e il pubblico potr\u00e0 accedere fino alle 18.30. <\/P><br \/>\n<P>Il Salone riaprir\u00e0 sabato 26 ottobre, alle ore 9.30, e gli studenti avranno la possibilit\u00e0 di visitare gli stand di tutti gli Atenei e di seguire le presentazioni delle Universit\u00e0 degli Studi di Foggia, dell\u2019Universit\u00e0 Cattolica Nostra Signora del Buon Consiglio, del Sistema di Alta Formazione Friuli Venezia Giulia, dell\u2019Universit\u00e0 per Stranieri di Siena, della Scuola Superiore Universitaria per Mediatori Linguistici CIELS, dell\u2019Universit\u00e0 degli Studi di Chieti Pescara G. D\u2019Annunzio, di Urbino Carlo Bo, di Perugia, di Roma LUSPIO, di Bari Aldo Moro, infine della Libera Universit\u00e0 di Bolzano. <\/P><br \/>\n<P>Gli studenti albanesi saranno accolti, all\u2019ingresso, da responsabili dell\u2019Istituto Italiano di Cultura, dell\u2019Ufficio Scuole del Consolato d\u2019Italia a Tirana, delle Associazioni Ipsia-Acli ed Inas Cisl, molto attive nel campo dell\u2019orientamento degli studenti albanesi in Italia, di APADI (Associazione dei Professori Albanesi d\u2019Italiano) e di\u00a0AS@N (Organizzazione degli Studenti Albanesi nel Mondo). <\/P><br \/>\n<P>Anche se Studiare in Italia si rivolge in primo luogo agli studenti desiderosi di cominciare o proseguire i loro studi universitari in Italia, questo evento vuole essere altres\u00ec un\u2019occasione di incontro tra i responsabili delle Universit\u00e0 Italiane e quelli delle Universit\u00e0 Albanesi, i cui Rettori sono stati invitati a intervenire, ai fini di favorire nuovi contatti, o rafforzare quelli gi\u00e0 esistenti, per eventuali scambi di studenti, nonch\u00e9 per l\u2019istituzione di percorsi didattici\/formativi congiunti. <\/P><br \/>\n<P>Si segnala, infine, la presenza dei Magnifici Rettori delle Universit\u00e0 degli Studi di Camerino, della Calabria, di Palermo, dell\u2019Universit\u00e0 per Stranieri di Perugia e dell\u2019Universit\u00e0 Nostra Signora del Buon Consiglio. <\/P><\/p>\n","protected":false},"excerpt":{"rendered":"25 \u2013 26 ottobre 2013 Galleria Nazionale delle Arti, Tirana Il Direttore Generale per gli Affari Internazionali del Ministero dell\u2019Istruzione, Universit\u00e0 e Ricerca Italiano ed i rappresentanti di oltre venti Universit\u00e0 italiane saranno a Tirana i prossimi 25 e 26 ottobre per la seconda edizione di un evento di promozione del sistema accademico italiano che [&hellip;]","protected":false},"author":1,"featured_media":0,"comment_status":"","ping_status":"","sticky":false,"template":"","format":"standard","meta":{"footnotes":""},"tags":[],"class_list":["post-4952","post","type-post","status-publish","format-standard","hentry"],"_links":{"self":[{"href":"https:\/\/ambtirana.esteri.it\/it\/wp-json\/wp\/v2\/posts\/4952","targetHints":{"allow":["GET"]}}],"collection":[{"href":"https:\/\/ambtirana.esteri.it\/it\/wp-json\/wp\/v2\/posts"}],"about":[{"href":"https:\/\/ambtirana.esteri.it\/it\/wp-json\/wp\/v2\/types\/post"}],"author":[{"embeddable":true,"href":"https:\/\/ambtirana.esteri.it\/it\/wp-json\/wp\/v2\/users\/1"}],"replies":[{"embeddable":true,"href":"https:\/\/ambtirana.esteri.it\/it\/wp-json\/wp\/v2\/comments?post=4952"}],"version-history":[{"count":0,"href":"https:\/\/ambtirana.esteri.it\/it\/wp-json\/wp\/v2\/posts\/4952\/revisions"}],"wp:attachment":[{"href":"https:\/\/ambtirana.esteri.it\/it\/wp-json\/wp\/v2\/media?parent=4952"}],"wp:term":[{"taxonomy":"post_tag","embeddable":true,"href":"https:\/\/ambtirana.esteri.it\/it\/wp-json\/wp\/v2\/tags?post=4952"}],"curies":[{"name":"wp","href":"https:\/\/api.w.org\/{rel}","templated":true}]}}