{"id":5006,"date":"2013-06-18T14:53:47","date_gmt":"2013-06-18T12:53:47","guid":{"rendered":"https:\/\/ambtirana.esteri.it\/news\/dall_ambasciata\/2013\/06\/posticipazione-dei-termini-per-le-pre-iscrizioni-universitarie\/"},"modified":"2013-06-18T14:53:47","modified_gmt":"2013-06-18T12:53:47","slug":"posticipazione-dei-termini-per-le-pre-iscrizioni-universitarie","status":"publish","type":"post","link":"https:\/\/ambtirana.esteri.it\/it\/news\/dall_ambasciata\/2013\/06\/posticipazione-dei-termini-per-le-pre-iscrizioni-universitarie\/","title":{"rendered":"POSTICIPAZIONE DEI TERMINI PER LE PRE-ISCRIZIONI UNIVERSITARIE E PER L\u2019ISCRIZIONE AGLI ESAMI DI AMMISSIONE"},"content":{"rendered":"<p><P>ATTENZIONE: Il ministero dell\u2019Istruzione, dell\u2019Universit\u00e0 e della Ricerca italiano ha pubblicato in data odierna il decreto n. 449 del 12 giugno 2013, con il quale \u00e8 stato deciso di posticipare a settembre gli esami di ammissione per le Facolt\u00e0 a numero programmato.<\/P><P>In conseguenza di tale variazione, \u00e8 stato altres\u00ec deciso di consentire la presentazione delle richieste di prescrizione, per tutti i corsi di studio universitari italiani, fino al 5 luglio 2013 (la data ultima per presentare la domanda di preiscrizione non \u00e8 quindi pi\u00f9 il 21 giugno, come precedentemente comunicato, ma il 5 luglio 2013).<\/P><br \/>\n<P>Gli studenti che dovessero ancora effettuare l\u2019iscrizione online agli esami di ammissione per le Facolt\u00e0 a numero programmato (iscrizione online che, si ricorda, \u00e8 indispensabile per presentare la richiesta di preiscrizione), potranno farlo, sempre sul sito <A href=\"http:\/\/www.univeritaly.it\">www.univeritaly.it<\/A>, a partire dal 25 giugno prossimo (e presentare la ricevuta di registrazione nel momento della presentazione della domanda di preiscrizione). <BR>ATTENZIONE: tutti gli studenti che hanno gi\u00e0 effettuato l\u2019iscrizione online a tali esami dovranno necessariamente rientrare nel portale di Universitaly per confermare la propria iscrizione all\u2019esame ed inviare all\u2019Ufficio Studenti dell\u2019Ambasciata (per email, all\u2019indirizzo <A href=\"mailto:suole.tirana@esteri.it\">suole.tirana@esteri.it<\/A>) la nuova ricevuta di registrazione ottenuta dal sistema.<\/P><br \/>\n<P><BR>\u00a0<\/P><\/p>\n","protected":false},"excerpt":{"rendered":"ATTENZIONE: Il ministero dell\u2019Istruzione, dell\u2019Universit\u00e0 e della Ricerca italiano ha pubblicato in data odierna il decreto n. 449 del 12 giugno 2013, con il quale \u00e8 stato deciso di posticipare a settembre gli esami di ammissione per le Facolt\u00e0 a numero programmato.In conseguenza di tale variazione, \u00e8 stato altres\u00ec deciso di consentire la presentazione delle [&hellip;]","protected":false},"author":1,"featured_media":0,"comment_status":"","ping_status":"","sticky":false,"template":"","format":"standard","meta":{"footnotes":""},"tags":[],"class_list":["post-5006","post","type-post","status-publish","format-standard","hentry"],"_links":{"self":[{"href":"https:\/\/ambtirana.esteri.it\/it\/wp-json\/wp\/v2\/posts\/5006","targetHints":{"allow":["GET"]}}],"collection":[{"href":"https:\/\/ambtirana.esteri.it\/it\/wp-json\/wp\/v2\/posts"}],"about":[{"href":"https:\/\/ambtirana.esteri.it\/it\/wp-json\/wp\/v2\/types\/post"}],"author":[{"embeddable":true,"href":"https:\/\/ambtirana.esteri.it\/it\/wp-json\/wp\/v2\/users\/1"}],"replies":[{"embeddable":true,"href":"https:\/\/ambtirana.esteri.it\/it\/wp-json\/wp\/v2\/comments?post=5006"}],"version-history":[{"count":0,"href":"https:\/\/ambtirana.esteri.it\/it\/wp-json\/wp\/v2\/posts\/5006\/revisions"}],"wp:attachment":[{"href":"https:\/\/ambtirana.esteri.it\/it\/wp-json\/wp\/v2\/media?parent=5006"}],"wp:term":[{"taxonomy":"post_tag","embeddable":true,"href":"https:\/\/ambtirana.esteri.it\/it\/wp-json\/wp\/v2\/tags?post=5006"}],"curies":[{"name":"wp","href":"https:\/\/api.w.org\/{rel}","templated":true}]}}