{"id":5023,"date":"2013-05-21T13:41:18","date_gmt":"2013-05-21T11:41:18","guid":{"rendered":"https:\/\/ambtirana.esteri.it\/news\/dall_ambasciata\/2013\/05\/mostra-fotografica-tirana-a-nudo\/"},"modified":"2013-05-21T13:41:18","modified_gmt":"2013-05-21T11:41:18","slug":"mostra-fotografica-tirana-a-nudo","status":"publish","type":"post","link":"https:\/\/ambtirana.esteri.it\/it\/news\/dall_ambasciata\/2013\/05\/mostra-fotografica-tirana-a-nudo\/","title":{"rendered":"Mostra fotografica Tirana a Nudo"},"content":{"rendered":"<p><P>L\u2019Ufficio scolastico dell\u2019Ambasciata d\u2019Italia a Tirana, nell\u2019ambito delle attivit\u00e0 scolastiche, inserite nel quadro del Memorandum Illiria, ha organizzato in collaborazione con il Liceo Artistico Nazionale \u201dJ.Misja\u201d di Tirana un modulo di 30 ore di fotografia di reportage in lingua italiana per gli alunni che studiano l\u2019italiano. <BR>Il corso \u00e8 operativo dal 19 marzo scorso ed \u00e8 effettuato dalla fotografa Paola Favoino.<BR>La finalit\u00e0 formativa del modulo \u00e8 la seguente: raccontare con immagini, prese durante il corso e come lavoro personale degli alunni, dal loro punto di vista ci\u00f2 che li circonda (la citt\u00e0, la famiglia, la scuola, i media, i problemi ambientali, le differenze generazionali, ecc.). Gli obiettivi specifici formativi sono: gli aspetti di base della fotografia di reportage con spunti teorici e pratici per raccontare attraverso la visione di immagini di autori ed esercitazioni pratiche i loro prodotti. Al termine del lavoro di preparazione, i ragazzi hanno lavorato autonomamente all\u2019esterno su un tema specifico. Risultato di questo percorso \u00e8 la mostra Tirana a Nudo, che sar\u00e0 inaugurata gioved\u00ec 23 maggio, alle ore 18.00, presso l\u2019Istituto Italiano di Cultura (Palazzo della Cultura, II piano).\u00a0\u00a0<\/P><P><A href=\"\/resource\/2013\/05\/25881_f_943247_626735354022547_478170400_n1.jpg\">Tirana a Nudo<\/A> <\/P><\/p>\n","protected":false},"excerpt":{"rendered":"L\u2019Ufficio scolastico dell\u2019Ambasciata d\u2019Italia a Tirana, nell\u2019ambito delle attivit\u00e0 scolastiche, inserite nel quadro del Memorandum Illiria, ha organizzato in collaborazione con il Liceo Artistico Nazionale \u201dJ.Misja\u201d di Tirana un modulo di 30 ore di fotografia di reportage in lingua italiana per gli alunni che studiano l\u2019italiano. Il corso \u00e8 operativo dal 19 marzo scorso ed [&hellip;]","protected":false},"author":1,"featured_media":0,"comment_status":"","ping_status":"","sticky":false,"template":"","format":"standard","meta":{"footnotes":""},"tags":[],"class_list":["post-5023","post","type-post","status-publish","format-standard","hentry"],"_links":{"self":[{"href":"https:\/\/ambtirana.esteri.it\/it\/wp-json\/wp\/v2\/posts\/5023","targetHints":{"allow":["GET"]}}],"collection":[{"href":"https:\/\/ambtirana.esteri.it\/it\/wp-json\/wp\/v2\/posts"}],"about":[{"href":"https:\/\/ambtirana.esteri.it\/it\/wp-json\/wp\/v2\/types\/post"}],"author":[{"embeddable":true,"href":"https:\/\/ambtirana.esteri.it\/it\/wp-json\/wp\/v2\/users\/1"}],"replies":[{"embeddable":true,"href":"https:\/\/ambtirana.esteri.it\/it\/wp-json\/wp\/v2\/comments?post=5023"}],"version-history":[{"count":0,"href":"https:\/\/ambtirana.esteri.it\/it\/wp-json\/wp\/v2\/posts\/5023\/revisions"}],"wp:attachment":[{"href":"https:\/\/ambtirana.esteri.it\/it\/wp-json\/wp\/v2\/media?parent=5023"}],"wp:term":[{"taxonomy":"post_tag","embeddable":true,"href":"https:\/\/ambtirana.esteri.it\/it\/wp-json\/wp\/v2\/tags?post=5023"}],"curies":[{"name":"wp","href":"https:\/\/api.w.org\/{rel}","templated":true}]}}