{"id":5072,"date":"2013-04-24T08:22:32","date_gmt":"2013-04-24T06:22:32","guid":{"rendered":"https:\/\/ambtirana.esteri.it\/news\/dall_ambasciata\/2013\/04\/concerto-per-il-bicentenario-della-nascita-di-giuseppe-verdi\/"},"modified":"2013-04-24T08:22:32","modified_gmt":"2013-04-24T06:22:32","slug":"concerto-per-il-bicentenario-della-nascita-di-giuseppe-verdi","status":"publish","type":"post","link":"https:\/\/ambtirana.esteri.it\/it\/news\/dall_ambasciata\/2013\/04\/concerto-per-il-bicentenario-della-nascita-di-giuseppe-verdi\/","title":{"rendered":"Concerto per il Bicentenario della Nascita di Giuseppe Verdi"},"content":{"rendered":"<p><P>L\u2019Ufficio Scolastico dell\u2019Ambasciata d\u2019Italia a Tirana, nell\u2019ambito delle attivit\u00e0 scolastiche inserite nel quadro del Memorandum Illiria, ha organizzato in collaborazione con il Liceo Artistico Nazionale \u201dJ.Misja\u201d di Tirana il concerto VERDI Nostro Contemporaneo per celebrare il Bicentenario della Nascita di Giuseppe Verdi.<BR>Verdi, da uomo moderno, guardava lontano, ma forse nemmeno lui avrebbe scommesso sulla celebrazione del suo bicentenario, n\u00e9 avrebbe immaginato che la sua fama sarebbe cresciuta, invece che scemare, con il tempo. Suon\u00f2 la prima musica su una spinetta, che un artigiano gli ripar\u00f2 gratuitamente intuendo il talento del ragazzo. Poi fondamentale per il suo futuro fu l\u2019incontro con Antonio Barezzi, che lo prese sotto la sua protezione, finanziando quegli studi che lo portarono lontano dalla sua Busseto. Forse non avrebbe mai pensato che la sua opera avrebbe avuto un grande successo ieri come oggi, lui che proveniva da una famiglia di umili agricoltori. <BR>Verdi \u00e8 stato applaudito nei teatri italiani ed europei, da Milano a Parigi, ma \u00e8 stato anche l\u2019uomo della modernit\u00e0 che con le sue arie ha scandito le fasi della nascita dell\u2019Italia come nazione, facendo da colonna sonora al Risorgimento italiano. Il \u201cVa\u2019 Pensiero\u201d del \u201cNabucco\u201d divenne l\u2019inno patriottico contro l\u2019occupatore austriaco e Verdi fu tra i primi deputati dell\u2019Italia unita dopo il 1861, e ancora prima \u00e8 stato ammiratore di Mazzini e della sua Giovine Italia. Le sue musiche le conoscono tutti a memoria non solo la borghesia, ma anche il popolo, e nella sua terra natale, nelle osterie parmensi, si canta Verdi prima ancora di andare ad applaudire le sue opere nel loggione del Teatro Regio. <BR>Per celebrare il Bicentenario della Nascita del Cigno di Busseto in ambito scolastico, l\u2019Ufficio Scolastico dell\u2019Ambasciata d\u2019Italia a Tirana ed il Liceo Artistico Nazionale \u201dJ.Misja\u201d di Tirana presentano il 25 APRILE, Festa Nazionale della libert\u00e0 e della liberazione nazionale, il concerto VERDI Nostro Contemporaneo con l\u2019Orchestra Sinfonica del Liceo ed il Coro, diretta da Artan Li\u00e7aj e da Besa Ka\u00e7inari ed i Solisti dell\u2019Opera, presso la sala dell\u2019Universit\u00e0 delle Arti alle ore 19,00.<\/P><P><A href=\"\/resource\/2013\/04\/25308_f_GiuseppeVerdi.pdf\">INVITO E PROGRAMMA<\/A><BR><\/P><br \/>\n<P>\u00a0<\/P><br \/>\n<P>\u00a0<\/P><\/p>\n","protected":false},"excerpt":{"rendered":"L\u2019Ufficio Scolastico dell\u2019Ambasciata d\u2019Italia a Tirana, nell\u2019ambito delle attivit\u00e0 scolastiche inserite nel quadro del Memorandum Illiria, ha organizzato in collaborazione con il Liceo Artistico Nazionale \u201dJ.Misja\u201d di Tirana il concerto VERDI Nostro Contemporaneo per celebrare il Bicentenario della Nascita di Giuseppe Verdi.Verdi, da uomo moderno, guardava lontano, ma forse nemmeno lui avrebbe scommesso sulla celebrazione [&hellip;]","protected":false},"author":1,"featured_media":0,"comment_status":"","ping_status":"","sticky":false,"template":"","format":"standard","meta":{"footnotes":""},"tags":[],"class_list":["post-5072","post","type-post","status-publish","format-standard","hentry"],"_links":{"self":[{"href":"https:\/\/ambtirana.esteri.it\/it\/wp-json\/wp\/v2\/posts\/5072","targetHints":{"allow":["GET"]}}],"collection":[{"href":"https:\/\/ambtirana.esteri.it\/it\/wp-json\/wp\/v2\/posts"}],"about":[{"href":"https:\/\/ambtirana.esteri.it\/it\/wp-json\/wp\/v2\/types\/post"}],"author":[{"embeddable":true,"href":"https:\/\/ambtirana.esteri.it\/it\/wp-json\/wp\/v2\/users\/1"}],"replies":[{"embeddable":true,"href":"https:\/\/ambtirana.esteri.it\/it\/wp-json\/wp\/v2\/comments?post=5072"}],"version-history":[{"count":0,"href":"https:\/\/ambtirana.esteri.it\/it\/wp-json\/wp\/v2\/posts\/5072\/revisions"}],"wp:attachment":[{"href":"https:\/\/ambtirana.esteri.it\/it\/wp-json\/wp\/v2\/media?parent=5072"}],"wp:term":[{"taxonomy":"post_tag","embeddable":true,"href":"https:\/\/ambtirana.esteri.it\/it\/wp-json\/wp\/v2\/tags?post=5072"}],"curies":[{"name":"wp","href":"https:\/\/api.w.org\/{rel}","templated":true}]}}