{"id":5887,"date":"2024-04-04T14:42:38","date_gmt":"2024-04-04T12:42:38","guid":{"rendered":"https:\/\/ambtirana.esteri.it\/?p=5887"},"modified":"2024-04-04T15:35:44","modified_gmt":"2024-04-04T13:35:44","slug":"comunicato-arresto-di-pericolo-latitante-albanese","status":"publish","type":"post","link":"https:\/\/ambtirana.esteri.it\/it\/news\/dall_ambasciata\/2024\/04\/comunicato-arresto-di-pericolo-latitante-albanese\/","title":{"rendered":"COMUNICATO. Arresto di pericoloso latitante albanese."},"content":{"rendered":"<p><strong>COMUNICATO<\/strong><\/p>\n<p><span style=\"text-decoration: underline;\"><strong>Polizia di Stato: Matera, arrestato pericoloso latitante albanese<\/strong><\/span><\/p>\n<p>La Polizia di Stato di Matera, nella nottata del 3 aprile, al termine di un\u2019articolata attivit\u00e0 info-investigativa condotta in collaborazione con il Servizio per la Cooperazione Internazionale di Polizia, l\u2019Ufficio dell\u2019Esperto per la Sicurezza presso l\u2019Ambasciata d\u2019Italia in Albania, il collaterale Ufficio Interpol Tirana e il Dipartimento della Polizia Criminale albanese, ha tratto in arresto LESI Gjovalin, nato il 29.03.1969 a Rrubik\/Mirdite (Albania) e ricercato dal 1998 in quanto autore dell\u2019omicidio di due suoi connazionali mediante l\u2019utilizzo di un\u2019arma da fuoco, reato per il quale l\u2019Autorit\u00e0 giudiziaria albanese aveva emesso sentenza di condanna definitiva alla pena dell\u2019ergastolo.<\/p>\n<p>In particolare, nel corso dei numerosi scambi investigativi, \u00e8 emerso che il latitante aveva assunto le generalit\u00e0 del fratello (affetto da disabilit\u00e0) trovando successivamente rifugio in Italia dal 2003. Da allora, non si era mai evidenziato in questo territorio per la commissione di reati, lavorando come operaio. La Squadra Mobile, informata dal personale del Servizio per la Cooperazione Internazionale di Polizia della probabile presenza del ricercato e delle nuove generalit\u00e0 acquisite nel tempo, ha svolto una serrata attivit\u00e0 di osservazione tesa alla localizzazione del pericoloso latitante albanese.<\/p>\n<p>L\u2019operazione descritta rappresenta il tangibile esempio di una eccellente cooperazione internazionale di polizia tra il Dipartimento della Pubblica Sicurezza italiano e quello albanese. Lo scambio informativo Albania\/Italia \u00e8 stato curato dalla Sezione \u201cLatitanti\u201d della 2^ Divisione Interpol &#8211; SCIP della Direzione Centrale della Polizia Criminale ed ha interessato una serie di complesse attivit\u00e0 finalizzate alla completa identificazione del soggetto.<\/p>\n<p>Il latitante, rintracciato presso la propria abitazione dal personale della Squadra Mobile di Matera, \u00e8 stato quindi condotto presso il carcere della stessa citt\u00e0, a disposizione della Corte d\u2019Appello di Potenza per le successive fasi relative all\u2019estradizione verso il Paese d\u2019origine.<\/p>\n<p>&nbsp;<\/p>\n","protected":false},"excerpt":{"rendered":"COMUNICATO Polizia di Stato: Matera, arrestato pericoloso latitante albanese La Polizia di Stato di Matera, nella nottata del 3 aprile, al termine di un\u2019articolata attivit\u00e0 info-investigativa condotta in collaborazione con il Servizio per la Cooperazione Internazionale di Polizia, l\u2019Ufficio dell\u2019Esperto per la Sicurezza presso l\u2019Ambasciata d\u2019Italia in Albania, il collaterale Ufficio Interpol Tirana e il [&hellip;]","protected":false},"author":9,"featured_media":0,"comment_status":"closed","ping_status":"closed","sticky":false,"template":"","format":"standard","meta":{"footnotes":""},"tags":[],"class_list":["post-5887","post","type-post","status-publish","format-standard","hentry"],"_links":{"self":[{"href":"https:\/\/ambtirana.esteri.it\/it\/wp-json\/wp\/v2\/posts\/5887","targetHints":{"allow":["GET"]}}],"collection":[{"href":"https:\/\/ambtirana.esteri.it\/it\/wp-json\/wp\/v2\/posts"}],"about":[{"href":"https:\/\/ambtirana.esteri.it\/it\/wp-json\/wp\/v2\/types\/post"}],"author":[{"embeddable":true,"href":"https:\/\/ambtirana.esteri.it\/it\/wp-json\/wp\/v2\/users\/9"}],"replies":[{"embeddable":true,"href":"https:\/\/ambtirana.esteri.it\/it\/wp-json\/wp\/v2\/comments?post=5887"}],"version-history":[{"count":5,"href":"https:\/\/ambtirana.esteri.it\/it\/wp-json\/wp\/v2\/posts\/5887\/revisions"}],"predecessor-version":[{"id":5909,"href":"https:\/\/ambtirana.esteri.it\/it\/wp-json\/wp\/v2\/posts\/5887\/revisions\/5909"}],"wp:attachment":[{"href":"https:\/\/ambtirana.esteri.it\/it\/wp-json\/wp\/v2\/media?parent=5887"}],"wp:term":[{"taxonomy":"post_tag","embeddable":true,"href":"https:\/\/ambtirana.esteri.it\/it\/wp-json\/wp\/v2\/tags?post=5887"}],"curies":[{"name":"wp","href":"https:\/\/api.w.org\/{rel}","templated":true}]}}