{"id":7388,"date":"2025-04-01T19:07:50","date_gmt":"2025-04-01T17:07:50","guid":{"rendered":"https:\/\/ambtirana.esteri.it\/?p=7388"},"modified":"2025-04-03T11:12:19","modified_gmt":"2025-04-03T09:12:19","slug":"referendum-abrogativi-8-e-9-giugno-2025-voto-per-corrispondenza-dei-cittadini-italiani-residenti-allestero-e-opzione-per-il-voto-in-italia","status":"publish","type":"post","link":"https:\/\/ambtirana.esteri.it\/it\/news\/dall_ambasciata\/2025\/04\/referendum-abrogativi-8-e-9-giugno-2025-voto-per-corrispondenza-dei-cittadini-italiani-residenti-allestero-e-opzione-per-il-voto-in-italia\/","title":{"rendered":"REFERENDUM ABROGATIVI 8 e 9 GIUGNO 2025 \u2013 VOTO PER CORRISPONDENZA DEI CITTADINI ITALIANI RESIDENTI ALL\u2019ESTERO E OPZIONE PER IL VOTO IN ITALIA"},"content":{"rendered":"<p>Con decreti del Presidente della Repubblica del 31\/03\/2025, pubblicati nella Gazzetta Ufficiale del 31\/03\/2025, \u00e8 stata fissata ai giorni <strong>8 e 9 GIUGNO 2025<\/strong> la data dei referendum abrogativi ex art. 75 della Costituzione.<\/p>\n<p>Si ricorda che il <strong>VOTO<\/strong> \u00e8 un <strong>DIRITTO<\/strong> tutelato dalla Costituzione Italiana e che, in base alla Legge 27 dicembre 2001, n. 459, i cittadini italiani residenti all\u2019estero, iscritti nelle liste elettorali, possono <strong>VOTARE PER POSTA<\/strong>, ricevendo il plico elettorale al proprio indirizzo di residenza. A tal fine, si raccomanda di <strong>controllare e regolarizzare la propria situazione anagrafica e di indirizzo<\/strong> presso questo Ufficio consolare, utilizzando preferibilmente il portale online dei servizi consolari <a href=\"https:\/\/serviziconsolari.esteri.it\/ScoFE\/index.sco\">Fast It.<\/a><\/p>\n<p>In alternativa al voto per corrispondenza, gli <strong>elettori iscritti all\u2019AIRE <\/strong><strong>possono SCEGLIERE DI VOTARE IN ITALIA PRESSO IL PROPRIO COMUNE DI ISCRIZIONE ELETTORALE, <\/strong><strong>comunicando per iscritto la propria scelta (OPZIONE) al Consolato entro il 10\u00b0 giorno successivo alla indizione delle votazioni<\/strong>. Gli elettori che scelgono di votare in Italia in occasione della prossima consultazione referendaria riceveranno dai rispettivi Comuni italiani la cartolina-avviso per votare presso i seggi elettorali in Italia. La scelta (opzione) di votare in Italia vale solo per la consultazione referendaria rispetto alla quale \u00e8 espressa.<\/p>\n<p>Si ribadisce che in ogni caso l\u2019opzione <strong>DEVE PERVENIRE all\u2019Ufficio consolare NON OLTRE I DIECI GIORNI SUCCESSIVI A QUELLO DELL\u2019INDIZIONE DELLE VOTAZIONI, OVVERO ENTRO IL GIORNO 10\/04\/2025<\/strong>.<\/p>\n<p>Per la comunicazione dell\u2019opzione si invita l\u2019utenza interessata ad utilizzare l\u2019apposito <strong><a href=\"https:\/\/ambtirana.esteri.it\/wp-content\/uploads\/2025\/04\/Modulo-opzione-referendum.pdf\">modulo<\/a> qui scaricabile, compilato in ogni sua parte.\u00a0<\/strong>La comunicazione pu\u00f2 anche essere scritta su carta semplice e \u2013 per essere valida \u2013 deve contenere nome, cognome, data e luogo di nascita, luogo di residenza e <strong>firma<\/strong> dell\u2019elettore, accompagnata da copia di un documento di identit\u00e0 del dichiarante.<\/p>\n<p>Il <a href=\"https:\/\/ambtirana.esteri.it\/wp-content\/uploads\/2025\/04\/Modulo-opzione-referendum.pdf\">modulo<\/a>, debitamente compilato, firmato e accompagnato da un documento d\u2019identit\u00e0, pu\u00f2 essere consegnato\/inviato:<\/p>\n<p><strong>\u2013 a mano<\/strong>: Rruga Papa Gjon Pali II, n.2, 1010 Tiran\u00eb, dal luned\u00ec al venerd\u00ec dalle ore 9:00 alle ore 12:30<br \/>\n<strong>\u2013 per posta<\/strong>: indirizzando alla Cancelleria Consolare, Rruga Papa Gjon Pali II, n.2, 1010 Tiran\u00eb<br \/>\n<strong>\u2013 per posta elettronica ordinaria<\/strong>: anagrafe.tirana@esteri.it<br \/>\n<strong>\u2013 per posta elettronica certificata<\/strong>: amb.tirana.consolare@cert.esteri.it<\/p>\n<p>Come prescritto dalla normativa vigente, sar\u00e0 cura degli elettori verificare che la comunicazione di opzione spedita per posta sia stata ricevuta in tempo utile dal proprio Ufficio consolare. Le richieste pervenute oltre il termine sopra indicato NON potranno essere ritenute valide.<\/p>\n<p>La scelta di votare in Italia pu\u00f2 essere successivamente <strong>REVOCATA<\/strong> con una comunicazione scritta da inviare o consegnare all\u2019Ufficio consolare con le stesse modalit\u00e0 ed entro la stessa data prevista per l\u2019esercizio dell\u2019opzione.<\/p>\n<p>Se si sceglie di rientrare in Italia per votare, la Legge NON prevede alcun tipo di rimborso per le spese di viaggio sostenute, ma solo agevolazioni tariffarie all\u2019interno del territorio italiano.<\/p>\n<p><strong>L\u2019AMBASCIATA D\u2019ITALIA A TIRANA \u00c8 A DISPOSIZIONE PER OGNI ULTERIORE CHIARIMENTO.<\/strong><\/p>\n<p>1\/4\/2025<\/p>\n","protected":false},"excerpt":{"rendered":"Con decreti del Presidente della Repubblica del 31\/03\/2025, pubblicati nella Gazzetta Ufficiale del 31\/03\/2025, \u00e8 stata fissata ai giorni 8 e 9 GIUGNO 2025 la data dei referendum abrogativi ex art. 75 della Costituzione. Si ricorda che il VOTO \u00e8 un DIRITTO tutelato dalla Costituzione Italiana e che, in base alla Legge 27 dicembre 2001, [&hellip;]","protected":false},"author":9,"featured_media":7405,"comment_status":"closed","ping_status":"closed","sticky":false,"template":"","format":"standard","meta":{"footnotes":""},"tags":[11],"class_list":["post-7388","post","type-post","status-publish","format-standard","has-post-thumbnail","hentry","tag-elezioni"],"_links":{"self":[{"href":"https:\/\/ambtirana.esteri.it\/it\/wp-json\/wp\/v2\/posts\/7388","targetHints":{"allow":["GET"]}}],"collection":[{"href":"https:\/\/ambtirana.esteri.it\/it\/wp-json\/wp\/v2\/posts"}],"about":[{"href":"https:\/\/ambtirana.esteri.it\/it\/wp-json\/wp\/v2\/types\/post"}],"author":[{"embeddable":true,"href":"https:\/\/ambtirana.esteri.it\/it\/wp-json\/wp\/v2\/users\/9"}],"replies":[{"embeddable":true,"href":"https:\/\/ambtirana.esteri.it\/it\/wp-json\/wp\/v2\/comments?post=7388"}],"version-history":[{"count":3,"href":"https:\/\/ambtirana.esteri.it\/it\/wp-json\/wp\/v2\/posts\/7388\/revisions"}],"predecessor-version":[{"id":7407,"href":"https:\/\/ambtirana.esteri.it\/it\/wp-json\/wp\/v2\/posts\/7388\/revisions\/7407"}],"wp:featuredmedia":[{"embeddable":true,"href":"https:\/\/ambtirana.esteri.it\/it\/wp-json\/wp\/v2\/media\/7405"}],"wp:attachment":[{"href":"https:\/\/ambtirana.esteri.it\/it\/wp-json\/wp\/v2\/media?parent=7388"}],"wp:term":[{"taxonomy":"post_tag","embeddable":true,"href":"https:\/\/ambtirana.esteri.it\/it\/wp-json\/wp\/v2\/tags?post=7388"}],"curies":[{"name":"wp","href":"https:\/\/api.w.org\/{rel}","templated":true}]}}