{"id":8235,"date":"2025-10-23T14:48:56","date_gmt":"2025-10-23T12:48:56","guid":{"rendered":"https:\/\/ambtirana.esteri.it\/?p=8235"},"modified":"2025-10-23T14:48:56","modified_gmt":"2025-10-23T12:48:56","slug":"incontro-dellambasciatore-marco-alberti-con-la-ministra-della-salute-e-benessere-sociale-evis-sala","status":"publish","type":"post","link":"https:\/\/ambtirana.esteri.it\/it\/news\/dall_ambasciata\/2025\/10\/incontro-dellambasciatore-marco-alberti-con-la-ministra-della-salute-e-benessere-sociale-evis-sala\/","title":{"rendered":"Incontro dell&#8217;Ambasciatore Marco Alberti con la Ministra della Salute e Benessere Sociale, Evis Sala"},"content":{"rendered":"<p>L\u2019Ambasciatore d\u2019Italia Marco Alberti ha incontrato la Ministra della Salute e Benessere Sociale dell\u2019Albania Evis Sala per un ampio scambio di vedute sulle prospettive di collaborazione nel settore sanitario e sociale tra i due Paesi. \u00c8 stato rimarcato l\u2019importante ruolo della Cooperazione allo sviluppo italiana nell\u2019attivit\u00e0 di sostegno alla sanit\u00e0 albanese, con attivit\u00e0 progettuali tutt\u2019ora in corso o in fase di sviluppo, ed \u00e8 stato sottolineato come la sanit\u00e0 costituisca oramai un settore trasversale, dove pubblico e privato possono convivere fruttuosamente nella prospettiva di un innalzamento degli standard, a beneficio della collettivit\u00e0.<\/p>\n","protected":false},"excerpt":{"rendered":"L\u2019Ambasciatore d\u2019Italia Marco Alberti ha incontrato la Ministra della Salute e Benessere Sociale dell\u2019Albania Evis Sala per un ampio scambio di vedute sulle prospettive di collaborazione nel settore sanitario e sociale tra i due Paesi. \u00c8 stato rimarcato l\u2019importante ruolo della Cooperazione allo sviluppo italiana nell\u2019attivit\u00e0 di sostegno alla sanit\u00e0 albanese, con attivit\u00e0 progettuali tutt\u2019ora [&hellip;]","protected":false},"author":5,"featured_media":8247,"comment_status":"closed","ping_status":"closed","sticky":false,"template":"","format":"standard","meta":{"footnotes":""},"tags":[5],"class_list":["post-8235","post","type-post","status-publish","format-standard","has-post-thumbnail","hentry","tag-cooperazione-allo-sviluppo"],"_links":{"self":[{"href":"https:\/\/ambtirana.esteri.it\/it\/wp-json\/wp\/v2\/posts\/8235","targetHints":{"allow":["GET"]}}],"collection":[{"href":"https:\/\/ambtirana.esteri.it\/it\/wp-json\/wp\/v2\/posts"}],"about":[{"href":"https:\/\/ambtirana.esteri.it\/it\/wp-json\/wp\/v2\/types\/post"}],"author":[{"embeddable":true,"href":"https:\/\/ambtirana.esteri.it\/it\/wp-json\/wp\/v2\/users\/5"}],"replies":[{"embeddable":true,"href":"https:\/\/ambtirana.esteri.it\/it\/wp-json\/wp\/v2\/comments?post=8235"}],"version-history":[{"count":1,"href":"https:\/\/ambtirana.esteri.it\/it\/wp-json\/wp\/v2\/posts\/8235\/revisions"}],"predecessor-version":[{"id":8251,"href":"https:\/\/ambtirana.esteri.it\/it\/wp-json\/wp\/v2\/posts\/8235\/revisions\/8251"}],"wp:featuredmedia":[{"embeddable":true,"href":"https:\/\/ambtirana.esteri.it\/it\/wp-json\/wp\/v2\/media\/8247"}],"wp:attachment":[{"href":"https:\/\/ambtirana.esteri.it\/it\/wp-json\/wp\/v2\/media?parent=8235"}],"wp:term":[{"taxonomy":"post_tag","embeddable":true,"href":"https:\/\/ambtirana.esteri.it\/it\/wp-json\/wp\/v2\/tags?post=8235"}],"curies":[{"name":"wp","href":"https:\/\/api.w.org\/{rel}","templated":true}]}}