{"id":4309,"date":"2016-02-11T15:20:35","date_gmt":"2016-02-11T14:20:35","guid":{"rendered":"https:\/\/ambtirana.esteri.it\/news\/dall_ambasciata\/2016\/02\/programma-terra-madre-balcani-2\/"},"modified":"2016-02-11T15:20:35","modified_gmt":"2016-02-11T14:20:35","slug":"programma-terra-madre-balcani-2","status":"publish","type":"post","link":"https:\/\/ambtirana.esteri.it\/sq\/news\/dall_ambasciata\/2016\/02\/programma-terra-madre-balcani-2\/","title":{"rendered":"Prezantimi i programit &#8220;Toka M\u00ebm\u00eb Ballkan 2016&#8221;"},"content":{"rendered":"<p><P>Dit\u00ebn e premte, m\u00eb 12 shkurt, n\u00eb or\u00ebn 10.00, pran\u00eb Sall\u00ebs N\u00ebn\u00eb Tereza t\u00eb Pallatit t\u00eb Kultur\u00ebs n\u00eb TIran\u00eb, do t\u00eb zhvillohet konferenca e prezantimit t\u00eb programit \u201cToka M\u00ebm\u00eb Ballkan 2016\u201d organizuar nga \u201cRrjeti\u00a0 Sh\u00ebndet dhe Siguri\u201d. <\/P><P>Programi ka q\u00ebllimin t\u00eb p\u00ebrhap\u00eb praktikat e mira mbi sigurin\u00eb agro-ushqimore, mbi vler\u00ebsimin e prodhimit vendas dhe konsumit t\u00eb p\u00ebrgjegjsh\u00ebm. N\u00eb bashk\u00ebpunim me Vis Albania, Aleanc\u00ebn Slow Food t\u00eb Kuzhinier\u00ebve dhe Zyr\u00ebn e Shkollave t\u00eb Ambasad\u00ebs s\u00eb Italis\u00eb jan\u00eb zgjedhur si p\u00ebrftuese shkollat fillore dhe grupi i konsumator\u00ebve m\u00eb t\u00eb rinj e m\u00eb kureshtar\u00eb. <\/P><br \/>\n<P>Katia Zene (VIS Albania) dhe Armand Kikino (Alleanza Slow Food e Kuzhinier\u00ebve) kan\u00eb nisur nj\u00eb s\u00ebr\u00eb takimeh me shkolla t\u00eb shumta t\u00eb zonave rurale duke ngritur laborator\u00eb mbi ushqimin dhe edukimin ushqimor, pjes\u00ebrisht duke p\u00ebrdorur gjuh\u00ebn dhe pamjet e kuzhin\u00ebs italiane. <\/P><br \/>\n<P>Programi promovon artin e t\u00eb ushqyerit me produkte t\u00eb sh\u00ebndetshme, t\u00eb vendit dhe t\u00eb stin\u00ebs, zgjedhjet e nd\u00ebrgjegjshme t\u00eb konsumatorit, por edhe promovimin e gjuh\u00ebs italian\u00eb e cila prej panairit Expo 2015 \u00ebsht\u00eb z\u00ebdh\u00ebn\u00ebse e diet\u00ebs s\u00eb lasht\u00eb mesdhetare q\u00eb i sheh dy brigjet e Mesdheut t\u00eb bashkuara n\u00eb nj\u00eb p\u00ebrballje mes shijes dhe fantazis\u00eb, njohjes s\u00eb kimis\u00eb s\u00eb sh\u00ebndetit dhe kreativitetit. <BR>\u00a0<BR>Projekti \u00ebsht\u00eb pjes\u00eb e programit t\u00eb \u201cRrjetit Sh\u00ebndet dhe Siguri\u201d, krijuar n\u00eb vitin 2015 pran\u00eb Zyr\u00ebs s\u00eb Shkollave. Nj\u00eb marr\u00ebveshje formuese dhe edukuese mes enteve dhe institucioneve italiane dhe shqiptare q\u00eb nxitin Sigurin\u00eb agro-ushqimore, sh\u00ebndetin dhe stile t\u00eb sh\u00ebndetshme t\u00eb jet\u00ebs\u00ebs. <BR>\u00a0 <BR>Francesko Shehu, fitues i Konkursit Nd\u00ebrkomb\u00ebtar Media Show 2015, ka realizuar nj\u00eb video duke p\u00ebrdorur materialet e d\u00ebrguara nga shum\u00eb shkolla q\u00eb kan\u00eb dokumentuar projektet e realizuara brenda programit Mini Expo Balcani 2015. M\u00eb pas, p\u00ebrfaq\u00ebsuesit e klasave nga Shkodra, Elbasani, Tirana dhe Kor\u00e7a do t\u00eb paraqesin shkurtimisht rezultatet e pun\u00ebve p\u00ebrkat\u00ebse t\u00eb programit \u201cShija e Gjuh\u00ebs Italiane\u201d. <\/P><br \/>\n<P>Ambasadori i Italis\u00eb n\u00eb Tiran\u00eb, Alberto Cutillo, p\u00ebr her\u00eb t\u00eb par\u00eb do t\u00eb takoj\u00eb nj\u00eb p\u00ebrfaq\u00ebsi t\u00eb gjer\u00eb t\u00eb shkollave ku jan\u00eb vendosur seksionet dygjuh\u00ebshe t\u00eb Tiran\u00ebs, Shkodr\u00ebs dhe Kor\u00e7\u00ebs si dhe shum\u00eb nx\u00ebn\u00ebs t\u00eb zonave rurale t\u00eb Veriut q\u00eb studiojn\u00eb gjuh\u00ebn italiane dhe aspektet kulturore q\u00eb promovojn\u00eb nj\u00eb m\u00ebnyr\u00eb jetese t\u00eb sh\u00ebndetshme dhe konsum t\u00eb nd\u00ebrgjegjsh\u00ebm. <\/P><br \/>\n<P><IMG border=\"0\" alt=\"Poster\" src=\"\/resource\/2016\/02\/46257_f_ProgettoTerraMadreBalcani2017.jpg\"><BR><\/P><\/p>\n","protected":false},"excerpt":{"rendered":"Dit\u00ebn e premte, m\u00eb 12 shkurt, n\u00eb or\u00ebn 10.00, pran\u00eb Sall\u00ebs N\u00ebn\u00eb Tereza t\u00eb Pallatit t\u00eb Kultur\u00ebs n\u00eb TIran\u00eb, do t\u00eb zhvillohet konferenca e prezantimit t\u00eb programit \u201cToka M\u00ebm\u00eb Ballkan 2016\u201d organizuar nga \u201cRrjeti\u00a0 Sh\u00ebndet dhe Siguri\u201d. Programi ka q\u00ebllimin t\u00eb p\u00ebrhap\u00eb praktikat e mira mbi sigurin\u00eb agro-ushqimore, mbi vler\u00ebsimin e prodhimit vendas dhe konsumit [&hellip;]","protected":false},"author":1,"featured_media":0,"comment_status":"","ping_status":"","sticky":false,"template":"","format":"standard","meta":{"footnotes":""},"tags":[],"class_list":["post-4309","post","type-post","status-publish","format-standard","hentry"],"_links":{"self":[{"href":"https:\/\/ambtirana.esteri.it\/sq\/wp-json\/wp\/v2\/posts\/4309","targetHints":{"allow":["GET"]}}],"collection":[{"href":"https:\/\/ambtirana.esteri.it\/sq\/wp-json\/wp\/v2\/posts"}],"about":[{"href":"https:\/\/ambtirana.esteri.it\/sq\/wp-json\/wp\/v2\/types\/post"}],"author":[{"embeddable":true,"href":"https:\/\/ambtirana.esteri.it\/sq\/wp-json\/wp\/v2\/users\/1"}],"replies":[{"embeddable":true,"href":"https:\/\/ambtirana.esteri.it\/sq\/wp-json\/wp\/v2\/comments?post=4309"}],"version-history":[{"count":0,"href":"https:\/\/ambtirana.esteri.it\/sq\/wp-json\/wp\/v2\/posts\/4309\/revisions"}],"wp:attachment":[{"href":"https:\/\/ambtirana.esteri.it\/sq\/wp-json\/wp\/v2\/media?parent=4309"}],"wp:term":[{"taxonomy":"post_tag","embeddable":true,"href":"https:\/\/ambtirana.esteri.it\/sq\/wp-json\/wp\/v2\/tags?post=4309"}],"curies":[{"name":"wp","href":"https:\/\/api.w.org\/{rel}","templated":true}]}}