{"id":4410,"date":"2015-07-10T09:48:47","date_gmt":"2015-07-10T07:48:47","guid":{"rendered":"https:\/\/ambtirana.esteri.it\/news\/dall_ambasciata\/2015\/07\/alta-moda-tirana-2\/"},"modified":"2015-07-10T09:48:47","modified_gmt":"2015-07-10T07:48:47","slug":"alta-moda-tirana-2","status":"publish","type":"post","link":"https:\/\/ambtirana.esteri.it\/sq\/news\/dall_ambasciata\/2015\/07\/alta-moda-tirana-2\/","title":{"rendered":"Mbr\u00ebmje mode organizuar nga Ambasada e Italis\u00eb dhe Konsullata e Vlor\u00ebs"},"content":{"rendered":"<p><P>4 korrik 2015, ora 20:00<BR>Gala Italia 2015, Marina Orikum, Vlor\u00eb<BR>7 korrik 2015, ora 21:30<BR>Residenca e Italis\u00eb, Tiran\u00eb<\/P><P>Nj\u00eb ftes\u00eb e ve\u00e7ant\u00eb kjo e Ambasad\u00ebs s\u00eb Italis\u00eb dhe e Konsullat\u00ebs s\u00eb Vlor\u00ebs p\u00ebr dy veprimtari t\u00eb shum\u00ebpritura t\u00eb realizuara n\u00ebn kujdesin e Altaroma-s t\u00eb cilat kan\u00eb p\u00ebr q\u00ebllim promovimin, n\u00eb kuad\u00ebr t\u00eb vitit t\u00eb Expo-s\u00eb, t\u00eb mjeshtris\u00eb italiane jasht\u00eb vendit.\u00a0\u00a0\u00a0<\/P><br \/>\n<P>Giada Curti gjithnj\u00eb mbart me krenari flamurin e mjeshtris\u00eb s\u00eb Made in Italy jasht\u00eb vendit, duke prezantuar koleksionet e saj n\u00eb jav\u00ebt m\u00eb t\u00eb r\u00ebnd\u00ebsishme t\u00eb mod\u00ebs n\u00ebp\u00ebr bot\u00eb, duke korrur \u00e7do her\u00eb suksesin e publikut dhe t\u00eb shtypit. <\/P><br \/>\n<P>N\u00eb dat\u00ebn 4 korrik Giada Curti ishte e ftuar speciale n\u00eb Shqip\u00ebri me rastin e Gala Italia 2015, aktivitet i organizuar p\u00ebr t\u00eb tretin vit radhazi Konsullata e P\u00ebrgjithshme e Italis\u00eb n\u00eb Vlor\u00eb n\u00eb Marin\u00ebn e Orikumit, nd\u00ebrsa m\u00eb 7 korrik prezantoi pran\u00eb Rezidenc\u00ebs s\u00eb Ambasadorit t\u00eb Italis\u00eb n\u00eb Tiran\u00eb, Massimo Gaiani, tri koleksionet e saj t\u00eb fundit, Portofino, Shukran e Sophia.<\/P><br \/>\n<P>Koleksioni Portofino e merr frym\u00ebzimin nga zona e mrekullueshme e Liguria-s, ku mbizot\u00ebrojn\u00eb ngjyrat e detit dhe t\u00eb diellit. P\u00ebr her\u00eb t\u00eb par\u00eb u paraqit n\u00eb pasarel\u00eb nj\u00eb pr\u00e9t couture. Must have, Pantallonat Gioiello Portofino dhe Gbag, \u00e7antat tricot t\u00eb ideuara nga stilistja p\u00ebr k\u00ebt\u00eb rast. <\/P><br \/>\n<P>Koleksioni Shukran \u00ebsht\u00eb p\u00ebr nder t\u00eb Emirateve Arabe, e n\u00eb m\u00ebnyr\u00eb t\u00eb ve\u00e7ant\u00eb t\u00eb Dubait. P\u00ebrkthimi fjal\u00eb p\u00ebr fjal\u00eb i Shukran do t\u00eb thot\u00eb \u201cfaleminderit\u201d. Nj\u00eb falenderim p\u00ebr at\u00eb \u00e7\u2019ka qen\u00eb por dhe p\u00ebr gjith\u00e7ka pozitive q\u00eb ndodh duke realizuar mendime e \u00ebndrra. Nj\u00eb couture q\u00eb nd\u00ebrthur gjuh\u00eb e kultura, ngre krye me nj\u00eb moderniz\u00ebm t\u00eb\u00a0 panjohur m\u00eb par\u00eb;<BR>Delikate n\u00eb n\u00eb ngjyr\u00ebn e tr\u00ebndafilt\u00eb t\u00eb shkret\u00ebtir\u00ebs, n\u00eb t\u00eb bardh\u00ebn vezulluese t\u00eb Kandura-s, e ftoht\u00eb n\u00eb \u00e7elikun e qiellg\u00ebrvisht\u00ebsve futurist\u00eb si Burj Khalifa. \u00c7allma, nj\u00eb aksesor i vyer e dominues n\u00eb k\u00ebt\u00eb rr\u00ebfim. <\/P><br \/>\n<P>P\u00ebr koleksionin pranver\u00eb \u2013 ver\u00eb 2015, Giada Curti frym\u00ebzohet nga filmi i famsh\u00ebm \u201cDje, sot, nes\u00ebr\u201d. Sfilata na shpie pas n\u00eb vitet \u201960: n\u00eb vitet e bumit ekonomik dhe t\u00eb Dolce Vita-s romane, t\u00eb Hollywood-it mbi Tevere n\u00eb t\u00eb cilin Sophia Loren ishte protagoniste e padiskutueshme. <BR>N\u00eb pasarel\u00eb 20 krijime q\u00eb na kujtojn\u00eb stilin dhe sensualitetin e aktores fituese t\u00eb \u00e7mimit Oscar: funde veref, n\u00ebn gju, me pala t\u00eb puthitura, v\u00ebn\u00eb n\u00eb pah belin; k\u00ebmisha t\u00eb bardha me kops\u00ebn e par\u00eb t\u00eb l\u00ebn\u00eb enkas zb\u00ebrthyer; pallto tre\u00e7erek\u00ebshe me aplicacion; veshje me lule t\u00eb m\u00ebdha prej tyli m\u00ebndafshi t\u00eb kthyera me dor\u00eb. Nj\u00eb koleksion radical chic p\u00ebr gra q\u00eb nuk e njohin koh\u00ebn. <\/P><br \/>\n<P>Giada Curti vazhdon rrug\u00ebtimin e saj t\u00eb nd\u00ebrkomb\u00ebtarizimit me nj\u00eb sfilat\u00eb n\u00eb Expo Milano gjat\u00eb festimeve p\u00ebrmbyll\u00ebse e cila do t\u00eb jet\u00eb nj\u00eb trade union me Expo-n e Dubait t\u00eb 2020.<\/P><br \/>\n<P>Projekti i nd\u00ebrmarr\u00eb nga Giada Curti synon t\u00eb b\u00ebj\u00eb t\u00eb njohur n\u00eb bot\u00eb kultur\u00ebn e madhe t\u00eb rrobaqep\u00ebsis\u00eb. Nj\u00eb nd\u00ebrmarrje q\u00eb mbart mbi supe 60 vite suksesi. Nga nj\u00eb nd\u00ebrmarrje e vog\u00ebl province arriti t\u00eb shnd\u00ebrrohej n\u00eb nj\u00eb realitet t\u00eb q\u00ebndruesh\u00ebm bot\u00ebror. <BR><\/P><\/p>\n","protected":false},"excerpt":{"rendered":"4 korrik 2015, ora 20:00Gala Italia 2015, Marina Orikum, Vlor\u00eb7 korrik 2015, ora 21:30Residenca e Italis\u00eb, Tiran\u00ebNj\u00eb ftes\u00eb e ve\u00e7ant\u00eb kjo e Ambasad\u00ebs s\u00eb Italis\u00eb dhe e Konsullat\u00ebs s\u00eb Vlor\u00ebs p\u00ebr dy veprimtari t\u00eb shum\u00ebpritura t\u00eb realizuara n\u00ebn kujdesin e Altaroma-s t\u00eb cilat kan\u00eb p\u00ebr q\u00ebllim promovimin, n\u00eb kuad\u00ebr t\u00eb vitit t\u00eb Expo-s\u00eb, t\u00eb mjeshtris\u00eb [&hellip;]","protected":false},"author":1,"featured_media":0,"comment_status":"","ping_status":"","sticky":false,"template":"","format":"standard","meta":{"footnotes":""},"tags":[],"class_list":["post-4410","post","type-post","status-publish","format-standard","hentry"],"_links":{"self":[{"href":"https:\/\/ambtirana.esteri.it\/sq\/wp-json\/wp\/v2\/posts\/4410","targetHints":{"allow":["GET"]}}],"collection":[{"href":"https:\/\/ambtirana.esteri.it\/sq\/wp-json\/wp\/v2\/posts"}],"about":[{"href":"https:\/\/ambtirana.esteri.it\/sq\/wp-json\/wp\/v2\/types\/post"}],"author":[{"embeddable":true,"href":"https:\/\/ambtirana.esteri.it\/sq\/wp-json\/wp\/v2\/users\/1"}],"replies":[{"embeddable":true,"href":"https:\/\/ambtirana.esteri.it\/sq\/wp-json\/wp\/v2\/comments?post=4410"}],"version-history":[{"count":0,"href":"https:\/\/ambtirana.esteri.it\/sq\/wp-json\/wp\/v2\/posts\/4410\/revisions"}],"wp:attachment":[{"href":"https:\/\/ambtirana.esteri.it\/sq\/wp-json\/wp\/v2\/media?parent=4410"}],"wp:term":[{"taxonomy":"post_tag","embeddable":true,"href":"https:\/\/ambtirana.esteri.it\/sq\/wp-json\/wp\/v2\/tags?post=4410"}],"curies":[{"name":"wp","href":"https:\/\/api.w.org\/{rel}","templated":true}]}}