{"id":4445,"date":"2015-05-05T11:08:12","date_gmt":"2015-05-05T09:08:12","guid":{"rendered":"https:\/\/ambtirana.esteri.it\/news\/dall_ambasciata\/2015\/05\/padiglione-albanese-expo-milano-2015-2\/"},"modified":"2015-05-05T11:08:12","modified_gmt":"2015-05-05T09:08:12","slug":"padiglione-albanese-expo-milano-2015-2","status":"publish","type":"post","link":"https:\/\/ambtirana.esteri.it\/sq\/news\/dall_ambasciata\/2015\/05\/padiglione-albanese-expo-milano-2015-2\/","title":{"rendered":"Prezantimi i Pavijonit te Shqiperise ne Ekspoziten Universale Expo Milano 2015"},"content":{"rendered":"<p><P style=\"TEXT-ALIGN: justify; LINE-HEIGHT: 150%; MARGIN: 0cm 0cm 0pt; BACKGROUND: white; tab-stops: 45.8pt 91.6pt 137.4pt 183.2pt 229.0pt 274.8pt 320.6pt 366.4pt 412.2pt 458.0pt 503.8pt 549.6pt 595.4pt 641.2pt 687.0pt 732.8pt\" class=\"MsoNormal\"><SPAN style=\"LINE-HEIGHT: 150%; FONT-FAMILY: 'Times New Roman','serif'; COLOR: #212121; FONT-SIZE: 12pt; mso-fareast-font-family: 'Times New Roman'; mso-ansi-language: IT\"><?xml:namespace prefix = \"o\" ns = \"urn:schemas-microsoft-com:office:office\" \/><o:p><STRONG>Ambasada e Italis\u00eb n\u00eb Tiran\u00eb<\/STRONG>, s\u00eb bashku me <STRONG>Agjencin\u00eb Shqiptare t\u00eb Zhvillimit dhe Investimeve (AIDA),<\/STRONG> organizuan m\u00eb 23 prill prane Rezidenc\u00ebs s\u00eb Italis\u00eb nj\u00eb aktivitet p\u00ebr prezantimin e Ekspozit\u00ebs Bot\u00ebrore t\u00eb Milanos 2015 &#8211; nism\u00eb e r\u00ebnd\u00ebsishme q\u00eb Italia do t\u00eb mir\u00ebpres\u00eb n\u00eb periudh\u00ebn 1 maj \u2013 31 tetor 2015 e ku do t\u00eb marrin pjes\u00eb rreth 150 Vende nga e gjith\u00eb bota \u2013 si dhe Pavijonin e Shqip\u00ebris\u00eb, ku do t\u00eb paraqiten p\u00ebrsosm\u00ebrit\u00eb gastronomike t\u00eb tradit\u00ebs shqiptare.\u00a0 <BR>Shqip\u00ebria \u00ebsht\u00eb b\u00ebr\u00eb pjes\u00eb e Expo Milano 2015 brenda Cluster-it Bio-Mediterraneum. Ekspozita Bot\u00ebrore n\u00eb Milano, p\u00ebruruar m\u00eb dat\u00eb 1 maj 2015, do t\u00eb fokusohet n\u00eb tem\u00ebn &#8220;T\u00eb ushejm\u00eb Planetin. Energji p\u00ebr Jet\u00ebn&#8221;, pra n\u00eb sfid\u00ebn e s\u00eb ardhmes p\u00ebr t\u2019i siguruar njer\u00ebzimit ushqim t\u00eb sh\u00ebndetsh\u00ebm, t\u00eb mjaftuesh\u00ebm dhe t\u00eb q\u00ebndruesh\u00ebm.<BR>Gjat\u00eb mbr\u00ebmjes \u2013 mor\u00ebn fjal\u00ebn Ambasadori i Italis\u00eb Massimo Gaiani, Ministri i Bujq\u00ebsis\u00eb Edmond Panariti dhe Ministrja e Kultur\u00ebs Mirela Kumbaro. Komisari i P\u00ebrgjithsh\u00ebm i Shqip\u00ebris\u00eb n\u00eb Expo Milano 2015, Manjola Gjoni, prezantoi aktivitetet q\u00eb Shqip\u00ebria synon t\u00eb organizoj\u00eb gjat\u00eb gjasht\u00eb muajve me rastin e pjes\u00ebmarrjes n\u00eb Expo 2015 \u00a0dhe dor\u00ebzoi uniform\u00ebn zyrtare t\u00eb p\u00ebrfaq\u00ebsimit t\u00eb grupit t\u00eb pun\u00ebs q\u00eb do t\u00eb jet\u00eb n\u00eb Expo Milano. <BR>\u00a0<BR><\/o:p><\/SPAN><\/P><\/p>\n","protected":false},"excerpt":{"rendered":"Ambasada e Italis\u00eb n\u00eb Tiran\u00eb, s\u00eb bashku me Agjencin\u00eb Shqiptare t\u00eb Zhvillimit dhe Investimeve (AIDA), organizuan m\u00eb 23 prill prane Rezidenc\u00ebs s\u00eb Italis\u00eb nj\u00eb aktivitet p\u00ebr prezantimin e Ekspozit\u00ebs Bot\u00ebrore t\u00eb Milanos 2015 &#8211; nism\u00eb e r\u00ebnd\u00ebsishme q\u00eb Italia do t\u00eb mir\u00ebpres\u00eb n\u00eb periudh\u00ebn 1 maj \u2013 31 tetor 2015 e ku do t\u00eb marrin [&hellip;]","protected":false},"author":1,"featured_media":0,"comment_status":"","ping_status":"","sticky":false,"template":"","format":"standard","meta":{"footnotes":""},"tags":[],"class_list":["post-4445","post","type-post","status-publish","format-standard","hentry"],"_links":{"self":[{"href":"https:\/\/ambtirana.esteri.it\/sq\/wp-json\/wp\/v2\/posts\/4445","targetHints":{"allow":["GET"]}}],"collection":[{"href":"https:\/\/ambtirana.esteri.it\/sq\/wp-json\/wp\/v2\/posts"}],"about":[{"href":"https:\/\/ambtirana.esteri.it\/sq\/wp-json\/wp\/v2\/types\/post"}],"author":[{"embeddable":true,"href":"https:\/\/ambtirana.esteri.it\/sq\/wp-json\/wp\/v2\/users\/1"}],"replies":[{"embeddable":true,"href":"https:\/\/ambtirana.esteri.it\/sq\/wp-json\/wp\/v2\/comments?post=4445"}],"version-history":[{"count":0,"href":"https:\/\/ambtirana.esteri.it\/sq\/wp-json\/wp\/v2\/posts\/4445\/revisions"}],"wp:attachment":[{"href":"https:\/\/ambtirana.esteri.it\/sq\/wp-json\/wp\/v2\/media?parent=4445"}],"wp:term":[{"taxonomy":"post_tag","embeddable":true,"href":"https:\/\/ambtirana.esteri.it\/sq\/wp-json\/wp\/v2\/tags?post=4445"}],"curies":[{"name":"wp","href":"https:\/\/api.w.org\/{rel}","templated":true}]}}