{"id":4474,"date":"2015-03-23T08:38:36","date_gmt":"2015-03-23T07:38:36","guid":{"rendered":"https:\/\/ambtirana.esteri.it\/news\/dall_ambasciata\/2015\/03\/conferenza-via-egnatia-a-cura-del-prof-mario-de-matteis-2\/"},"modified":"2015-03-23T08:38:36","modified_gmt":"2015-03-23T07:38:36","slug":"conferenza-via-egnatia-a-cura-del-prof-mario-de-matteis-2","status":"publish","type":"post","link":"https:\/\/ambtirana.esteri.it\/sq\/news\/dall_ambasciata\/2015\/03\/conferenza-via-egnatia-a-cura-del-prof-mario-de-matteis-2\/","title":{"rendered":"Konsullata Nderi e Italise n\u00eb Shkod\u00ebr, Bashkia e Shkodr\u00ebs dhe Universiteti\u00a0i Shkodr\u00ebs prezantojn\u00eb: Konferenc\u00ebn &#8220;RRUGA EGNATIA&#8221; nga prof. Mario De Matteis, t\u00eb mart\u00ebn, dat\u00eb 24 mars n\u00eb or\u00ebn 10:30 n\u00eb Auditorin e Rektoratit. Inaugurimi i Ekspozit\u00ebs n\u00eb or\u00ebn 12,15 pran\u00eb Bashkis\u00eb s\u00eb Shkodr\u00ebs.\u00a0"},"content":{"rendered":"<p><P>Rruga Egnatia ka qen\u00eb e njohur q\u00eb nga shekulli i dyt\u00eb p.e.s.: Polibio e njihte gjat\u00ebsin\u00eb e sakt\u00eb te rruges nga Durr\u00ebsi ose Apollonia deri n\u00eb Selanik (= miljet jan\u00eb &#8230; dyqindegjashtedhjeteeshtate), af\u00ebrsisht distanca n\u00eb kilometra q\u00eb eshte sot, midis Durr\u00ebsit dhe Selanikut, nese pershkohen rruget paralele ose pothuajse moderne te Shqip\u00ebrise, te Maqedonise dhe te Greqise.<\/P><br \/>\n<P>&#8220;Rruga Egnatia\u201d \u00ebsht\u00eb rruga q\u00eb kalon nga Epidami (Durres) ose Apollonia drejt lindjes, n\u00eb Maqedoni [&#8230;]&#8221;, shkruan Strabone.<\/P><br \/>\n<P>Edhe pse \u00ebsht\u00eb i njohur emri dhe emri i babait te ndertuesit &#8211; Cnaeus. Egnatius C. f. (I njohur, ky magjistrat romak per mbishkrimet e ruajtura n\u00eb Muzeun Arkeologjik t\u00eb Selanikut) &#8211; nuk dihet data n\u00eb t\u00eb cil\u00ebn magjistrati nd\u00ebrtues ka p\u00ebrfunduar vepren. Mendohet se Rruga Egnatia \u00ebsht\u00eb nd\u00ebrtuar pas themelimit t\u00eb Provinc\u00ebs romake t\u00eb Maqedonis\u00eb, nd\u00ebrmjet 148 dhe 120 p.e.s., p\u00ebr t\u00eb leht\u00ebsuar &#8211; si &#8220;rruge publike&#8221; -s\u00eb pari l\u00ebvizjen e korrier\u00ebve te perandorise midis Rom\u00ebs dhe provincave te saj te Maqedonis\u00eb dhe te Azis\u00eb s\u00eb Vog\u00ebl. <\/P><br \/>\n<P>Ashtu si t\u00eb gjitha rrug\u00ebt romake t\u00eb njohura, edhe Via Egnatia kishte stationes apo mutationes, p\u00ebr pushim dhe shplodhjen e udh\u00ebtar\u00ebve, por edhe p\u00ebr nderrimin e kuajve, shpesh me objekte ujrash termale, t\u00eb tilla si ato t\u00eb Ad Quintum (sot: Bradashesh (Elbasan )), pran\u00eb t\u00eb cilave ndodheshin pothuajse gjithmon\u00eb nd\u00ebrtesa t\u00eb ve\u00e7anta, t\u00eb ashtuquajturat mansiones, nj\u00eb lloj Motel i epok\u00ebs moderne, p\u00ebr t\u00eb nderprere udh\u00ebtimin lodhshem dhe t\u00eb per te pushuar.<\/P><br \/>\n<P>Jo aq shum\u00eb mallrat, te cilat mund te arrinin ne Provincat e reja m\u00eb leht\u00eb ne rrug\u00eb detare, se sa njerezit kan\u00eb qen\u00eb ata q\u00eb kan\u00eb pershkruar k\u00ebt\u00eb rruge lidhese, n\u00eb k\u00ebmb\u00eb ose me kal\u00eb. Ne mund, n\u00eb fakt, t\u00eb imagjinojme, me nje fare sigurie, se edhe n\u00ebp\u00ebrmjet k\u00ebsaj rruge \u00ebsht\u00eb p\u00ebrhapur mesazhi i krishter\u00eb nga Lindja drejt Per\u00ebndimit: Shen Pauli ka mberritur, ne te vertete, n\u00eb Rom\u00eb ne rrug\u00eb detare, por ka t\u00eb dh\u00ebna t\u00eb besueshme, sipas te cilave, Apostulli ka perdorur Via Egnatia per te mberritur ne Iliri; mundet, n\u00eb \u00e7do rast, t\u00eb supozojm\u00eb se t\u00eb pakt\u00ebn Sh\u00ebn Ireneus dhe shok\u00ebt e tij do t\u00eb kene mberritur ne Lion duke pershkruar kete rruge. <\/P><br \/>\n<P>Dhe nga kjo lind propozimi yne per projektin e ri k\u00ebrkimor &#8211; &#8220;M\u00ebnyrat e besimit n\u00ebp\u00ebrmjet Ilirise&#8221; &#8211; i cili, me ndihm\u00ebn e segmentit te VI &#8211; t\u00eb Tabula peutingeriana, do t\u00eb na lejoj\u00eb p\u00ebr t\u00eb gjetur stationes dhe mutationes te te dy rrug\u00ebve romake: 1) Shkodra-Kotor-Dubrovnik-Trebinje dhe 2) Shkodra-Lezh\u00eb-Puk\u00eb-Prizren-Prishtin\u00eb-Nish, duke dokumentuar \u00e7do gj\u00eb te vlefshme nga pikepamja kulturore qe ndodhet ne to. <\/P><br \/>\n<P>Duke ndjekur udh\u00ebzimet e Tabula peutingeriana, segmenti VI-te, ne kemi dokumentuar, n\u00eb fakt, me sukses, sa \u00ebsht\u00eb edhe sot ende e dukshme p\u00ebrgjat\u00eb rrug\u00ebs shqiptare te Via Egnatia. Konferenca e 14 Prillit, dokumenton me fotografi dhe tekste n\u00eb italisht, gjermanisht dhe shqip, gjendjen aktuale te stationes dhe mutationes, s\u00eb bashku me gjithshka te vlefshme nga pikepamja kulturore q\u00eb ndodhet ne to.<BR><\/P><\/p>\n","protected":false},"excerpt":{"rendered":"Rruga Egnatia ka qen\u00eb e njohur q\u00eb nga shekulli i dyt\u00eb p.e.s.: Polibio e njihte gjat\u00ebsin\u00eb e sakt\u00eb te rruges nga Durr\u00ebsi ose Apollonia deri n\u00eb Selanik (= miljet jan\u00eb &#8230; dyqindegjashtedhjeteeshtate), af\u00ebrsisht distanca n\u00eb kilometra q\u00eb eshte sot, midis Durr\u00ebsit dhe Selanikut, nese pershkohen rruget paralele ose pothuajse moderne te Shqip\u00ebrise, te Maqedonise dhe [&hellip;]","protected":false},"author":1,"featured_media":0,"comment_status":"","ping_status":"","sticky":false,"template":"","format":"standard","meta":{"footnotes":""},"tags":[],"class_list":["post-4474","post","type-post","status-publish","format-standard","hentry"],"_links":{"self":[{"href":"https:\/\/ambtirana.esteri.it\/sq\/wp-json\/wp\/v2\/posts\/4474","targetHints":{"allow":["GET"]}}],"collection":[{"href":"https:\/\/ambtirana.esteri.it\/sq\/wp-json\/wp\/v2\/posts"}],"about":[{"href":"https:\/\/ambtirana.esteri.it\/sq\/wp-json\/wp\/v2\/types\/post"}],"author":[{"embeddable":true,"href":"https:\/\/ambtirana.esteri.it\/sq\/wp-json\/wp\/v2\/users\/1"}],"replies":[{"embeddable":true,"href":"https:\/\/ambtirana.esteri.it\/sq\/wp-json\/wp\/v2\/comments?post=4474"}],"version-history":[{"count":0,"href":"https:\/\/ambtirana.esteri.it\/sq\/wp-json\/wp\/v2\/posts\/4474\/revisions"}],"wp:attachment":[{"href":"https:\/\/ambtirana.esteri.it\/sq\/wp-json\/wp\/v2\/media?parent=4474"}],"wp:term":[{"taxonomy":"post_tag","embeddable":true,"href":"https:\/\/ambtirana.esteri.it\/sq\/wp-json\/wp\/v2\/tags?post=4474"}],"curies":[{"name":"wp","href":"https:\/\/api.w.org\/{rel}","templated":true}]}}