{"id":4539,"date":"2014-12-31T09:11:30","date_gmt":"2014-12-31T08:11:30","guid":{"rendered":"https:\/\/ambtirana.esteri.it\/news\/dall_ambasciata\/2014\/12\/renzi-in-visita-a-tirana-2\/"},"modified":"2014-12-31T09:11:30","modified_gmt":"2014-12-31T08:11:30","slug":"renzi-in-visita-a-tirana-2","status":"publish","type":"post","link":"https:\/\/ambtirana.esteri.it\/sq\/news\/dall_ambasciata\/2014\/12\/renzi-in-visita-a-tirana-2\/","title":{"rendered":"Vizita e kryeministrit Renzi n\u00eb Tiran\u00eb"},"content":{"rendered":"<p><P>Kryetari i K\u00ebshillit t\u00eb Ministrave t\u00eb Italis\u00eb, Matteo Renzi, ishte n\u00eb dat\u00eb 30 dhjetor 2014 n\u00eb vizit\u00eb zyrtare n\u00eb Tiran\u00eb. <BR>Gjat\u00eb vizit\u00ebs, Kryeministri Renzi zhvilloi bisedime me Kryeministri e Republik\u00ebs s\u00eb Shqip\u00ebris\u00eb Edi Rama, me Kryetarin e Parlamentit Ilir Meta dhe Presidentin e Republik\u00ebs Bujar Nishani. <\/P><P>Foto (Palazzo Chigi) <A href=\"https:\/\/www.flickr.com\/photos\/palazzochigi\/sets\/72157647693113843\">https:\/\/www.flickr.com\/photos\/palazzochigi\/sets\/72157647693113843<\/A> <BR>Video (Palazzo Chigi) <A href=\"http:\/\/www.governo.it\/Presidente\/AudioVisivi\/dettaglio.asp?d=77610\">http:\/\/www.governo.it\/Presidente\/AudioVisivi\/dettaglio.asp?d=77610<\/A><BR><\/P><\/p>\n","protected":false},"excerpt":{"rendered":"Kryetari i K\u00ebshillit t\u00eb Ministrave t\u00eb Italis\u00eb, Matteo Renzi, ishte n\u00eb dat\u00eb 30 dhjetor 2014 n\u00eb vizit\u00eb zyrtare n\u00eb Tiran\u00eb. Gjat\u00eb vizit\u00ebs, Kryeministri Renzi zhvilloi bisedime me Kryeministri e Republik\u00ebs s\u00eb Shqip\u00ebris\u00eb Edi Rama, me Kryetarin e Parlamentit Ilir Meta dhe Presidentin e Republik\u00ebs Bujar Nishani. Foto (Palazzo Chigi) https:\/\/www.flickr.com\/photos\/palazzochigi\/sets\/72157647693113843 Video (Palazzo Chigi) http:\/\/www.governo.it\/Presidente\/AudioVisivi\/dettaglio.asp?d=77610","protected":false},"author":1,"featured_media":0,"comment_status":"","ping_status":"","sticky":false,"template":"","format":"standard","meta":{"footnotes":""},"tags":[],"class_list":["post-4539","post","type-post","status-publish","format-standard","hentry"],"_links":{"self":[{"href":"https:\/\/ambtirana.esteri.it\/sq\/wp-json\/wp\/v2\/posts\/4539","targetHints":{"allow":["GET"]}}],"collection":[{"href":"https:\/\/ambtirana.esteri.it\/sq\/wp-json\/wp\/v2\/posts"}],"about":[{"href":"https:\/\/ambtirana.esteri.it\/sq\/wp-json\/wp\/v2\/types\/post"}],"author":[{"embeddable":true,"href":"https:\/\/ambtirana.esteri.it\/sq\/wp-json\/wp\/v2\/users\/1"}],"replies":[{"embeddable":true,"href":"https:\/\/ambtirana.esteri.it\/sq\/wp-json\/wp\/v2\/comments?post=4539"}],"version-history":[{"count":0,"href":"https:\/\/ambtirana.esteri.it\/sq\/wp-json\/wp\/v2\/posts\/4539\/revisions"}],"wp:attachment":[{"href":"https:\/\/ambtirana.esteri.it\/sq\/wp-json\/wp\/v2\/media?parent=4539"}],"wp:term":[{"taxonomy":"post_tag","embeddable":true,"href":"https:\/\/ambtirana.esteri.it\/sq\/wp-json\/wp\/v2\/tags?post=4539"}],"curies":[{"name":"wp","href":"https:\/\/api.w.org\/{rel}","templated":true}]}}