{"id":4577,"date":"2014-11-20T15:38:00","date_gmt":"2014-11-20T14:38:00","guid":{"rendered":"https:\/\/ambtirana.esteri.it\/news\/dall_ambasciata\/2014\/11\/conferenza-diritti-fondamentali-2\/"},"modified":"2014-11-20T15:38:00","modified_gmt":"2014-11-20T14:38:00","slug":"conferenza-diritti-fondamentali-2","status":"publish","type":"post","link":"https:\/\/ambtirana.esteri.it\/sq\/news\/dall_ambasciata\/2014\/11\/conferenza-diritti-fondamentali-2\/","title":{"rendered":"Konferenca Rajonale \u201cT\u00eb Drejtat Themelore, mosdiskriminimi dhe mbrojtja e grupeve n\u00eb n\u00ebvoj\u00eb, p\u00ebrfshir\u00eb LGBTI&#8221;"},"content":{"rendered":"<p><P><EM>Hotel Sheraton Tirana, e premte 21 n\u00ebntor 2014, ora 9:00<\/EM><\/P><P>An\u00ebtar\u00eb t\u00eb Parlamenteve t\u00eb Vendeve kandidat\u00eb p\u00ebr an\u00ebtar\u00ebsimin n\u00eb Bashkimin Evropian dhe Parlamenti Evropian, n\u00eb bashk\u00ebpunim me Presidenc\u00ebn Italiane t\u00eb K\u00ebshillit t\u00eb Bashkimit Evropian dhe Komisionin Evropian, si dhe me pjes\u00ebmarrjen e Parlamentit t\u00eb Republik\u00ebs s\u00eb Shqip\u00ebris\u00eb, organizojn\u00eb dit\u00ebn e premte, dat\u00eb 21 n\u00ebntor 2014, pran\u00eb Hotelit Sheraton n\u00eb Tiran\u00eb, konferenc\u00ebn rajonale t\u00eb nivelit t\u00eb lart\u00eb T\u00eb Drejtat Themelore, mosdiskriminimi dhe mbrojtja e grupeve n\u00eb n\u00ebvoj\u00eb, p\u00ebrfshir\u00eb LGBTI. <\/P><br \/>\n<P>P\u00ebr Parlamentin Evropian do t\u00eb marrin fjal\u00ebn Zv. Kryetarja Ulrike Lunacek, an\u00ebtari i Komitetit p\u00ebr Lirit\u00eb Civile, Drejt\u00ebsin\u00eb dhe \u00c7\u00ebshtjet e Brendshme Helga Stevens dhe an\u00ebtari I Komitetit p\u00ebr \u00c7\u00ebshtjet e Jashtme Eleni Theocharous. P\u00ebr Komisionin Evropian do t\u00eb marrin fjal\u00ebn Simon Mordue, Drejtor p\u00ebr Strategjin\u00eb dhe Politikat e Zgjerimit dhe Salla Saastamoinen, P\u00ebrgjegj\u00ebse p\u00ebr barazin\u00eb pran\u00eb Drejtoris\u00eb s\u00eb P\u00ebrgjithshme t\u00eb Drejt\u00ebsis\u00eb, nd\u00ebrsa p\u00ebr Presidenc\u00ebn Italiane t\u00eb K\u00ebshillit t\u00eb BE-s\u00eb do t\u00eb flas\u00eb Gianludovico de Martino di Montegiordano, Kryetar i Komitetit Nd\u00ebr-ministror p\u00ebr t\u00eb Drejtat e Njeriut.\u00a0<\/P><br \/>\n<P>P\u00ebr nj\u00eb k\u00ebndv\u00ebshtrim m\u00eb t\u00eb gjer\u00eb mbi situat\u00ebn n\u00eb nivel rajonal, do t\u00eb marrin fjal\u00ebn Ombudsmani i Bosne-Hercegovin\u00ebs Jasminka Dzuhmhur\u00a0 dhe i Shqip\u00ebris\u00eb Igli Totozani, K\u00ebshilltari kund\u00ebr diskriminimit t\u00eb Kryeministrit t\u00eb Malit t\u00eb Zi Jovan Kojicic , regjisori e deputeti i Asambles\u00eb Popullore t\u00eb Serbis\u00eb Srdjan Dragojevic, si dhe eksponent\u00eb t\u00eb shoq\u00ebris\u00eb civile t\u00eb Vendeve t\u00eb p\u00ebrfshira n\u00eb aktivitet.\u00a0 <\/P><br \/>\n<P>Punimet e konferenc\u00ebs do t\u00eb hapen n\u00eb or\u00ebn 9:00, n\u00eb Sall\u00ebn Iliria 1, nga Kryetari i Parlamentit shqiptar Ilir Meta. <BR>Gjat\u00eb Konferenc\u00ebs, n\u00eb or\u00ebn 10:20, n\u00eb hollin e Hotelit Sheraton, do t\u00eb mbahet nj\u00eb konferenc\u00eb p\u00ebr shtyp me\u00a0 Zv. Kryetaren\u00a0 e Parlamentit Evropian Ulrike Lunacek. <BR><\/P><\/p>\n","protected":false},"excerpt":{"rendered":"Hotel Sheraton Tirana, e premte 21 n\u00ebntor 2014, ora 9:00An\u00ebtar\u00eb t\u00eb Parlamenteve t\u00eb Vendeve kandidat\u00eb p\u00ebr an\u00ebtar\u00ebsimin n\u00eb Bashkimin Evropian dhe Parlamenti Evropian, n\u00eb bashk\u00ebpunim me Presidenc\u00ebn Italiane t\u00eb K\u00ebshillit t\u00eb Bashkimit Evropian dhe Komisionin Evropian, si dhe me pjes\u00ebmarrjen e Parlamentit t\u00eb Republik\u00ebs s\u00eb Shqip\u00ebris\u00eb, organizojn\u00eb dit\u00ebn e premte, dat\u00eb 21 n\u00ebntor 2014, pran\u00eb [&hellip;]","protected":false},"author":1,"featured_media":0,"comment_status":"","ping_status":"","sticky":false,"template":"","format":"standard","meta":{"footnotes":""},"tags":[],"class_list":["post-4577","post","type-post","status-publish","format-standard","hentry"],"_links":{"self":[{"href":"https:\/\/ambtirana.esteri.it\/sq\/wp-json\/wp\/v2\/posts\/4577","targetHints":{"allow":["GET"]}}],"collection":[{"href":"https:\/\/ambtirana.esteri.it\/sq\/wp-json\/wp\/v2\/posts"}],"about":[{"href":"https:\/\/ambtirana.esteri.it\/sq\/wp-json\/wp\/v2\/types\/post"}],"author":[{"embeddable":true,"href":"https:\/\/ambtirana.esteri.it\/sq\/wp-json\/wp\/v2\/users\/1"}],"replies":[{"embeddable":true,"href":"https:\/\/ambtirana.esteri.it\/sq\/wp-json\/wp\/v2\/comments?post=4577"}],"version-history":[{"count":0,"href":"https:\/\/ambtirana.esteri.it\/sq\/wp-json\/wp\/v2\/posts\/4577\/revisions"}],"wp:attachment":[{"href":"https:\/\/ambtirana.esteri.it\/sq\/wp-json\/wp\/v2\/media?parent=4577"}],"wp:term":[{"taxonomy":"post_tag","embeddable":true,"href":"https:\/\/ambtirana.esteri.it\/sq\/wp-json\/wp\/v2\/tags?post=4577"}],"curies":[{"name":"wp","href":"https:\/\/api.w.org\/{rel}","templated":true}]}}