{"id":4583,"date":"2014-11-18T10:46:50","date_gmt":"2014-11-18T09:46:50","guid":{"rendered":"https:\/\/ambtirana.esteri.it\/news\/dall_ambasciata\/2014\/11\/strategia-ue-per-regione-adriatico-ionica-2\/"},"modified":"2014-11-18T10:46:50","modified_gmt":"2014-11-18T09:46:50","slug":"strategia-ue-per-regione-adriatico-ionica-2","status":"publish","type":"post","link":"https:\/\/ambtirana.esteri.it\/sq\/news\/dall_ambasciata\/2014\/11\/strategia-ue-per-regione-adriatico-ionica-2\/","title":{"rendered":"Strategjia e BE-s\u00eb p\u00ebr Rajonin e Adriatikut dhe Jonit\u00a0"},"content":{"rendered":"<p><P><STRONG>Ministri i Pun\u00ebve t\u00eb Jashtme dhe Bashk\u00ebpunimit Nd\u00ebrkomb\u00ebtar, Paolo Gentiloni<\/STRONG>, drejton n\u00eb Bruksel Konferenc\u00ebn <STRONG>e paraqitjes s\u00eb Strategjis\u00eb s\u00eb BE-s\u00eb per Rajonin a Adriatikut dhe Jonit<\/STRONG>, miratuar nga K\u00ebshilli Evropian m\u00eb 23-24 tetor 2014. N\u00eb p\u00ebrfundim t\u00eb rrug\u00ebtimit t\u00eb nisur n\u00eb vitin 2012, adoptimi i Strategjis\u00eb p\u00ebrb\u00ebn nj\u00eb nga rezultatet me dometh\u00ebn\u00ebse t\u00eb arritura gjat\u00eb Gjasht\u00ebmujorit t\u00eb Presidenc\u00ebs italiane t\u00eb K\u00ebshillit t\u00eb Bashkimit Evropian. <\/P><P><STRONG>Leht\u00ebsimi i procesit t\u00eb integrimit evropian t\u00eb Ballkanit per\u00ebndimor\u00a0 <BR><\/STRONG>Vler\u00eb specifike e shtuar e Strategjis\u00eb \u00ebsht\u00eb pjes\u00ebmarrja dhe puna e p\u00ebrbashk\u00ebt e 4 Vendeve t\u00eb BE-s\u00eb (Itali, Slloveni, Greqi, Kroaci) dhe 4 Vendeve jasht\u00eb BE-s\u00eb (Shqip\u00ebri, Serbi, Bosnje-Hercegovin\u00eb dhe Mal i Zi) t\u00eb rajonit, edhe nj\u00eb kuadrin e stimulimit dhe leht\u00ebsimit t\u00eb procesit t\u00eb intergrimit evropian t\u00eb Ballkanit per\u00ebndimor.<\/P><br \/>\n<P>Strategjia do jet\u00eb nj\u00eb platform\u00eb novatore p\u00ebr t\u2019i b\u00ebr\u00eb m\u00eb t\u00eb efektshme nd\u00ebrhyrjet komunitare dhe komb\u00ebtare, duke racionalizuar burimet dhe politikat sektoriale n\u00eb nj\u00eb kontekst ku format e bashk\u00ebpunimit rajonal jan\u00eb t\u00eb shumta. Veprimi p\u00ebrq\u00ebndrohet n\u00eb p\u00ebrpar\u00ebsi strategjike t\u00eb p\u00ebrbashk\u00ebta mes Vendeve t\u00eb p\u00ebrfshira: nd\u00ebrlidhja infrastukturore dhe energjitike, peshkimi dhe blue economy, ambienti, oferta turistike dhe kulturore, studime, risi dhe capacity building.<\/P><br \/>\n<P><STRONG>\u201cT\u00eb grumbullohen aktor\u00ebt kryesor\u00eb\u201d<BR><\/STRONG>Aktiviteti organizohet nga Presidenza italiane e K\u00ebshillit t\u00eb Evrop\u00ebs, n\u00eb bashk\u00ebpunim me Komisionin Evropian, me Nism\u00ebn Adriatiko-Joniane (kryesia e s\u00eb cil\u00ebs mbahet aktualisht nga Bosnje-Hercegovina) dhe me Rajonin Marche (n\u00eb cil\u00ebsin\u00eb e Kryesis\u00eb s\u00eb Nd\u00ebrgrupit adriatiko-jonian t\u00eb Komitetit t\u00eb Rajoneve t\u00eb Evrop\u00ebs). Q\u00ebllimi \u00ebsht\u00eb t\u00eb \u201cgrumbullohen\u201daktor\u00ebt kryesor\u00eb t\u00eb p\u00ebrfshir\u00eb n\u00eb zbatimin e metejsh\u00ebm t\u00eb Strategjis\u00eb. <\/P><br \/>\n<P>N\u00eb qend\u00ebr t\u00eb Konferenc\u00ebs do t\u00eb jet\u00eb debati mes p\u00ebrgjegj\u00ebsve t\u00eb politik\u00ebs s\u00eb jashtme t\u00eb tet\u00eb Vendeve pjes\u00ebmarr\u00ebs n\u00eb Strategji mbi sfidat dhe mund\u00ebsit\u00eb q\u00eb sjell ky mjet bashk\u00ebpunimi q\u00eb po paraqitet. <\/P><br \/>\n<P>______________________________________________________________________________________________________________<BR>Lajme dhe Njoftime &#8211; Ministria e Pun\u00ebve t\u00eb Jashtme dhe Bashk\u00ebpunimit Nd\u00ebrkomb\u00ebtar <BR><A href=\"http:\/\/www.esteri.it\/MAE\/IT\/Sala_Stampa\/ArchivioNotizie\/Approfondimenti\/2014\/11\/20141117_StrategiaUeRegioneAdriaticoIonica.htm\">http:\/\/www.esteri.it\/MAE\/IT\/Sala_Stampa\/ArchivioNotizie\/Approfondimenti\/2014\/11\/20141117_StrategiaUeRegioneAdriaticoIonica.htm<\/A><BR><\/P><\/p>\n","protected":false},"excerpt":{"rendered":"Ministri i Pun\u00ebve t\u00eb Jashtme dhe Bashk\u00ebpunimit Nd\u00ebrkomb\u00ebtar, Paolo Gentiloni, drejton n\u00eb Bruksel Konferenc\u00ebn e paraqitjes s\u00eb Strategjis\u00eb s\u00eb BE-s\u00eb per Rajonin a Adriatikut dhe Jonit, miratuar nga K\u00ebshilli Evropian m\u00eb 23-24 tetor 2014. N\u00eb p\u00ebrfundim t\u00eb rrug\u00ebtimit t\u00eb nisur n\u00eb vitin 2012, adoptimi i Strategjis\u00eb p\u00ebrb\u00ebn nj\u00eb nga rezultatet me dometh\u00ebn\u00ebse t\u00eb arritura gjat\u00eb [&hellip;]","protected":false},"author":1,"featured_media":0,"comment_status":"","ping_status":"","sticky":false,"template":"","format":"standard","meta":{"footnotes":""},"tags":[],"class_list":["post-4583","post","type-post","status-publish","format-standard","hentry"],"_links":{"self":[{"href":"https:\/\/ambtirana.esteri.it\/sq\/wp-json\/wp\/v2\/posts\/4583","targetHints":{"allow":["GET"]}}],"collection":[{"href":"https:\/\/ambtirana.esteri.it\/sq\/wp-json\/wp\/v2\/posts"}],"about":[{"href":"https:\/\/ambtirana.esteri.it\/sq\/wp-json\/wp\/v2\/types\/post"}],"author":[{"embeddable":true,"href":"https:\/\/ambtirana.esteri.it\/sq\/wp-json\/wp\/v2\/users\/1"}],"replies":[{"embeddable":true,"href":"https:\/\/ambtirana.esteri.it\/sq\/wp-json\/wp\/v2\/comments?post=4583"}],"version-history":[{"count":0,"href":"https:\/\/ambtirana.esteri.it\/sq\/wp-json\/wp\/v2\/posts\/4583\/revisions"}],"wp:attachment":[{"href":"https:\/\/ambtirana.esteri.it\/sq\/wp-json\/wp\/v2\/media?parent=4583"}],"wp:term":[{"taxonomy":"post_tag","embeddable":true,"href":"https:\/\/ambtirana.esteri.it\/sq\/wp-json\/wp\/v2\/tags?post=4583"}],"curies":[{"name":"wp","href":"https:\/\/api.w.org\/{rel}","templated":true}]}}