{"id":4600,"date":"2014-11-05T11:13:51","date_gmt":"2014-11-05T10:13:51","guid":{"rendered":"https:\/\/ambtirana.esteri.it\/news\/dall_ambasciata\/2014\/11\/il-cinema-italiano-al-festival-di-cinema-di-tirana-2\/"},"modified":"2014-11-05T11:13:51","modified_gmt":"2014-11-05T10:13:51","slug":"il-cinema-italiano-al-festival-di-cinema-di-tirana-2","status":"publish","type":"post","link":"https:\/\/ambtirana.esteri.it\/sq\/news\/dall_ambasciata\/2014\/11\/il-cinema-italiano-al-festival-di-cinema-di-tirana-2\/","title":{"rendered":"Takimet me kineman\u00eb italiane n\u00eb edicionin e XII t\u00eb Tirana International Film Festival"},"content":{"rendered":"<p><P><EM>Kinema Millennium, Tiran\u00eb, 3 \u2013 9 n\u00ebntor 2014<\/EM><\/P><P>U b\u00eb dje hapja n\u00eb Kinema Millennium n\u00eb Tiran\u00eb dhe do t\u00eb vazhdoj\u00eb deri m\u00eb dat\u00eb 9 n\u00ebntor 2014 edicioni i XII i Festivalit Nd\u00ebrkob\u00ebtar i Kinemas\u00eb n\u00eb Tiran\u00eb (TIFF).T\u00eb shumta jan\u00eb takimet me kineman\u00eb italiane edhe fal\u00eb bashk\u00ebpunimit, q\u00eb tashm\u00eb \u00ebsht\u00eb kthyer n\u00eb nj\u00eb tradit\u00eb, me Ambasad\u00ebn Italiane n\u00eb Tiran\u00eb, Institutit Italian t\u00eb Kultur\u00ebs dhe Apulia Film Commission.<\/P><br \/>\n<P><STRONG>N\u00eb konkurrim<\/STRONG> do t\u00eb prezantohen: Child K i Roberto De Feo dhe\u00a0 Vito Palumbo (22\u2019 \u2013 seksioni Short \u2013 e mart\u00eb 4 n\u00ebntor, ora 11), Memoria fossile i Diego Scarponi (15\u2019 \u2013 seksioni Short \u2013 e enjte 6 n\u00ebntor, ora 16) dhe Il venditore di medicine, vepra e dyt\u00eb e Antonio Morabito me Claudio Santamaria, Isabella Ferrari, Evita Ciri dhe Marco Travaglio (105\u2019 \u2013 seksioni Feature \u2013 e shtun\u00eb 8 n\u00ebntor, ora 20.30).<\/P><br \/>\n<P>B\u00ebhet e ditur se do t\u00eb ket\u00eb, gjithashtu, projektime speciale <STRONG>jasht\u00eb konkurrimit<\/STRONG>: e m\u00ebrkur\u00eb 5 n\u00ebntor, n\u00eb or\u00ebn 21.30 do t\u00eb prezantohet premiera e 9&#215;10 Novanta, film i realizuar nga n\u00ebnt\u00eb regjisor\u00eb t\u00eb \u201cmeglio giovent\u00f9\u201d t\u00eb kinemas\u00eb italiane p\u00ebr t\u00eb festuar 90 vjetorin e Institutit Luce. Marco Bonfanti, Claudio Giovannesi, Alina Marazzi, Pietro Marcello dhe Sara Fgaier, Giovanni Piperno, Costanza Quatriglio, Paola Randi, Alice Rohrwacher dhe Roland Sejko-s\u00a0 u ftuan p\u00ebr t\u00eb realizuar nj\u00eb film, ku secili do zgjodhi dhjet\u00eb minuta imazhe nga Arkivi i Institutit Luce. Lindi k\u00ebshtu nj\u00eb album rr\u00ebfimesh t\u00eb ndryshme, q\u00eb u prezantua me shum\u00eb sukses n\u00eb bienalen e fundit t\u00eb Venecia-s si event i ve\u00e7ant\u00eb n\u00eb bashk\u00ebpunim me Giornate degli Autori. T\u00eb enjten m\u00eb 6 n\u00ebntor, n\u00eb or\u00ebn 13 Daniele Greco, nj\u00eb nga themeluesit e <STRONG>festivalit t\u00eb filmave me metrazh t\u00eb shkurt\u00ebr Magma <\/STRONG>i Acireale-s, nd\u00ebr t\u00eb tjera an\u00ebtar i juris\u00eb TIFF, n\u00eb kuad\u00ebr t\u00eb nj\u00eb shk\u00ebmbimi eksperiencash dhe bashk\u00ebpunimi nd\u00ebrkomb\u00ebtar, do t\u00eb prezantoj\u00eb nje p\u00ebrzgjedhje filmash me metrah t\u00eb shkurt\u00ebr t\u00eb festivalit Magma; gjithmon\u00eb t\u00eb enjten, n\u00eb or\u00ebn 18.30, do t\u00eb realizohet projektimi special i dokumentarit Quando c\u2019era Berlinguer q\u00eb ka sh\u00ebnuar fillimin si regjizor t\u00eb Walter Veltroni-t. Regjizori ka dashur t\u00eb rr\u00ebfej\u00eb njeriun, liderin politik, kujtes\u00ebn dhe nj\u00eb faqe t\u00eb historis\u00eb italiane me d\u00ebshmi dhe imazhe mbi jet\u00ebn e sekretarit historik t\u00eb Partis\u00eb Komuniste Italiane. Dokumentari nis q\u00eb nga momenti i fitores s\u00eb referendumit p\u00ebr divorcin n\u00eb maj 1974 dhe mbyllet me funeralin e Enrico Berlinguer n\u00eb sheshin San Giovanni n\u00eb Rom\u00eb.<\/P><br \/>\n<P>Festivali mbyllet t\u00eb diel\u00ebn, m\u00eb 9 n\u00ebntor me projektimin special t\u00eb filmit <STRONG>In grazia di Dio <\/STRONG>i Edoardo Winspeare. Filmi, i prezantuar n\u00eb edicionin e fundit t\u00eb Festivalit t\u00eb Berlinit, i realizuar n\u00eb Puglia, rr\u00ebfen historin\u00eb e kat\u00ebr grave t\u00eb s\u00eb nj\u00ebjt\u00ebs familje q\u00eb, kur jan\u00eb duke humbur gjith\u00e7ka, si pasoj\u00eb e kriz\u00ebs ekonomike, gjejn\u00eb nj\u00eb m\u00ebnyr\u00eb reagimi duke v\u00ebshtruar t\u00eb mirat e v\u00ebrteta q\u00eb zot\u00ebrojm\u00eb dhe q\u00eb shpesh i harrojm\u00eb.<BR><\/P><\/p>\n","protected":false},"excerpt":{"rendered":"Kinema Millennium, Tiran\u00eb, 3 \u2013 9 n\u00ebntor 2014U b\u00eb dje hapja n\u00eb Kinema Millennium n\u00eb Tiran\u00eb dhe do t\u00eb vazhdoj\u00eb deri m\u00eb dat\u00eb 9 n\u00ebntor 2014 edicioni i XII i Festivalit Nd\u00ebrkob\u00ebtar i Kinemas\u00eb n\u00eb Tiran\u00eb (TIFF).T\u00eb shumta jan\u00eb takimet me kineman\u00eb italiane edhe fal\u00eb bashk\u00ebpunimit, q\u00eb tashm\u00eb \u00ebsht\u00eb kthyer n\u00eb nj\u00eb tradit\u00eb, me Ambasad\u00ebn [&hellip;]","protected":false},"author":1,"featured_media":0,"comment_status":"","ping_status":"","sticky":false,"template":"","format":"standard","meta":{"footnotes":""},"tags":[],"class_list":["post-4600","post","type-post","status-publish","format-standard","hentry"],"_links":{"self":[{"href":"https:\/\/ambtirana.esteri.it\/sq\/wp-json\/wp\/v2\/posts\/4600","targetHints":{"allow":["GET"]}}],"collection":[{"href":"https:\/\/ambtirana.esteri.it\/sq\/wp-json\/wp\/v2\/posts"}],"about":[{"href":"https:\/\/ambtirana.esteri.it\/sq\/wp-json\/wp\/v2\/types\/post"}],"author":[{"embeddable":true,"href":"https:\/\/ambtirana.esteri.it\/sq\/wp-json\/wp\/v2\/users\/1"}],"replies":[{"embeddable":true,"href":"https:\/\/ambtirana.esteri.it\/sq\/wp-json\/wp\/v2\/comments?post=4600"}],"version-history":[{"count":0,"href":"https:\/\/ambtirana.esteri.it\/sq\/wp-json\/wp\/v2\/posts\/4600\/revisions"}],"wp:attachment":[{"href":"https:\/\/ambtirana.esteri.it\/sq\/wp-json\/wp\/v2\/media?parent=4600"}],"wp:term":[{"taxonomy":"post_tag","embeddable":true,"href":"https:\/\/ambtirana.esteri.it\/sq\/wp-json\/wp\/v2\/tags?post=4600"}],"curies":[{"name":"wp","href":"https:\/\/api.w.org\/{rel}","templated":true}]}}