{"id":4618,"date":"2014-10-17T14:26:30","date_gmt":"2014-10-17T12:26:30","guid":{"rendered":"https:\/\/ambtirana.esteri.it\/news\/dall_ambasciata\/2014\/10\/convegno-albania-italia-una-partnership-per-europa-2\/"},"modified":"2014-10-17T14:26:30","modified_gmt":"2014-10-17T12:26:30","slug":"convegno-albania-italia-una-partnership-per-europa-2","status":"publish","type":"post","link":"https:\/\/ambtirana.esteri.it\/sq\/news\/dall_ambasciata\/2014\/10\/convegno-albania-italia-una-partnership-per-europa-2\/","title":{"rendered":"KONFERENC\u00cb &#8211; SHQIP\u00cbRIA DHE ITALIA: NJ\u00cb PARTNERSHIP P\u00cbR EUROP\u00cbN"},"content":{"rendered":"<p><P><STRONG>Tiran\u00eb, 20-21 tetor 2014<BR>Ambasada e Italis\u00eb n\u00eb Tiran\u00eb \u2013 Universiteti Katolik \u201cZoja e K\u00ebshillit t\u00eb Mir\u00eb\u201d<BR><\/STRONG>N\u00eb kuadrin e aktiviteteve t\u00eb Presidenc\u00ebs italiane t\u00eb K\u00ebshillit t\u00eb Bashkimit Europian, Ambasada e Italis\u00eb n\u00eb Tiran\u00eb dhe Universiteti Katolik \u201cZoja e K\u00ebshillit t\u00eb Mir\u00eb\u201d organizojn\u00eb n\u00eb Tiran\u00eb, <STRONG>dit\u00ebn e h\u00ebn\u00eb dhe t\u00eb mart\u00eb dat\u00eb 20 dhe 21 tetor<\/STRONG>, Konferenc\u00ebn me titull <STRONG>\u201cShqip\u00ebria dhe Italia: nj\u00eb partnership p\u00ebr Europ\u00ebn\u201d<\/STRONG>. Aktiviteti do t\u00eb artikulohet n\u00eb dy dit\u00eb. Cerimonia p\u00ebruruese do t\u00eb mbahet dit\u00ebn e h\u00ebn\u00eb dat\u00eb 20 tetor, n\u00eb or\u00ebn 17.00 pran\u00eb Pallatit t\u00eb Kongreseve. Nd\u00ebrsa punimet e konferenc\u00ebs do t\u00eb mbahen dit\u00ebn e mart\u00eb 21 tetor, prej or\u00ebs 09.00 n\u00eb sall\u00ebn Aula Magna t\u00eb Universitetit Katolik \u201cZoja e K\u00ebshillit t\u00eb Mir\u00eb\u201d. <\/P><P>Synimi, pak muaj pasi Shqip\u00ebria ka marr\u00eb statusin e Vendit kandidat, \u00ebsht\u00eb t\u00eb reflektohet mbi t\u00eb ardhmen e Shqip\u00ebris\u00eb duke marr\u00eb shkas nga roli q\u00eb ka pasur Italia n\u00eb procesin e integrimit t\u00eb Vendin n\u00eb Europ\u00eb, duke e vendosur k\u00ebt\u00eb perspektiv\u00eb dypal\u00ebshe n\u00eb kuadrin m\u00eb t\u00eb gjer\u00eb strategjik t\u00eb zgjerimit t\u00eb Bashkimit Europian n\u00eb gjith\u00eb zon\u00ebn e Ballkanit Per\u00ebndimor dhe t\u00eb bashk\u00ebpunimit rajonal n\u00eb k\u00ebt\u00eb zon\u00eb. <\/P><br \/>\n<P>\u00a0Aktiviteti do t\u00eb hapet me nj\u00eb <STRONG>ceremoni p\u00ebruruese dit\u00ebn e h\u00ebn\u00eb, duke nisur nga ora 17.00, n\u00eb Sall\u00ebn e Konferencave t\u00eb Pallatit t\u00eb Kongreseve<\/STRONG>. Do t\u00eb paraqesin nism\u00ebn Ambasadori i Italis\u00eb <STRONG>Massimo Gaiani<\/STRONG> dhe Prof. <STRONG>Lorenzo Ornaghi<\/STRONG>, k\u00ebshilltar i Bordit t\u00eb Fondacionit Zoja e K\u00ebshillit t\u00eb Mir\u00eb. Do t\u00eb marrin fjal\u00ebn <STRONG>Jean-Eric Paquet<\/STRONG>, Drejtor p\u00ebr Shqip\u00ebrin\u00eb, Bosnje-Hercegovin\u00ebn, Serbin\u00eb dhe Kosov\u00ebn pran\u00eb Drejtoris\u00eb s\u00eb P\u00ebrgjithshme t\u00eb Zgjerimit t\u00eb Komisionit Euopa; <STRONG>Pier Ferdinando Casini<\/STRONG>, Kryetar i Komisionit t\u00eb Jasht\u00ebm t\u00eb Senatit dhe <STRONG>Edi Rama<\/STRONG>, Kryeminister i Republik\u00ebs s\u00eb Shqip\u00ebris\u00eb.\u00a0 <\/P><br \/>\n<P><STRONG>Punimet e Konferenc\u00ebs<\/STRONG> do t\u00eb vazhdojn\u00eb gjat\u00eb gjith\u00eb dit\u00ebs s\u00eb nes\u00ebrme, <STRONG>e mart\u00eb 21 tetor, n\u00eb sall\u00ebn Aula Magna t\u00eb Universitetit Katolik \u201cZoja e K\u00ebshillit t\u00eb Mir\u00eb\u201d<\/STRONG>. Fjal\u00ebn p\u00ebrsh\u00ebndet\u00ebse do ta mbaj\u00eb <STRONG>Rektori i Universitetit Katolik \u201cZoja e K\u00ebshillit t\u00eb Mir\u00eb\u201d, Prof. Bruno Giardina.\u00a0 <\/STRONG><\/P><br \/>\n<P>Punimet do t\u00eb zhvillohen si m\u00eb posht\u00eb: <\/P><br \/>\n<P>N\u00eb <STRONG>or\u00ebn 9.00<\/STRONG> do t\u00eb mbahet nj\u00eb <STRONG>Lectio Magistralis nga Prof. Romano Prodi<\/STRONG>, me titull <STRONG>\u201cEuropa e s\u00eb ardhmes: dyer t\u00eb mbyllura apo dyer t\u00eb hapura?\u201d. <\/STRONG><\/P><br \/>\n<P>N\u00eb <STRONG>or\u00ebn 10.30<\/STRONG> do t\u00eb nis\u00eb <STRONG>paneli ekonomik<\/STRONG>, i moderuar nga <STRONG>z. Stefano Folli<\/STRONG>, gazetar i \u201cIl Sole 24 Ore\u201d. Do t\u00eb marrin fjal\u00ebn, n\u00eb k\u00ebt\u00eb rend: <STRONG>Arben\u00a0 Ahmetaj<\/STRONG>, Minist\u00ebr i Zhvillimit Ekonomik, Tregtis\u00eb dhe Sip\u00ebrmarrjes, <STRONG>Gian Maria Gross-Pietro<\/STRONG>, Kryetar i K\u00ebshillit Drejtues t\u00eb Bank\u00ebs Intesa Sanpaolo, <STRONG>Paolo Costa<\/STRONG>, Kryetar i Autoritetit Portual t\u00eb Venezia-s, <STRONG>Milva Ekonomi<\/STRONG>, Z\u00ebvend\u00ebs Ministre e Sh\u00ebndet\u00ebsis\u00eb, <STRONG>Carlo Crea<\/STRONG>, Drejtor i \u00c7\u00ebshtjeve Nd\u00ebrkomb\u00ebtare i Rrjetit Elektrik Terna, <STRONG>Riccardo Delleani<\/STRONG>, President i Telecom Italia Sparkle, <STRONG>Giampaolo Russo<\/STRONG>, TAP Italy Country Manager. <\/P><br \/>\n<P><STRONG>Prej or\u00ebs 15.00 deri n\u00eb or\u00ebn 17.00<\/STRONG>, do t\u00eb zhvillohet <STRONG>paneli akademik<\/STRONG>. N\u00ebn moderimin e Prof. <STRONG>Silverstro Montone<\/STRONG> (Dekan i Fakultetit t\u00eb Shkencave Ekonomike dhe Politike t\u00eb Universitetit ZKM), do t\u00eb marrin fjal\u00ebn, n\u00eb k\u00ebt\u00eb rend: Prof. <STRONG>Federico Niglia<\/STRONG> (Universiteti LUISS i Rom\u00ebs), Prof. Tritan Shehu (Universiteti Katolik ZKM), Z. <STRONG>Remzi Lani<\/STRONG>, themelues i Institutit Shqiptar t\u00eb Medias, Prof. <STRONG>Damiano Palano<\/STRONG> (Universiteti Katolik Sacro Cuore), <STRONG>Prof. Paulina Hoti<\/STRONG> (Universiteti Katolik ZKM) dhe <STRONG>Z. Gledis Gjipali<\/STRONG>, Drejtor ekzekutiv i L\u00ebvizjes Europiane n\u00eb Shqip\u00ebri. <BR>\u00a0\u00a0\u00a0 <BR>Me k\u00ebt\u00eb konferenc\u00eb hapet edhe <STRONG>Java e XIV e Gjuh\u00ebs Italian\u00eb n\u00eb Bot\u00eb<\/STRONG> (20-25 tetor 2014), q\u00eb k\u00ebt\u00eb vit q\u00eb do t\u00eb ket\u00eb si lajtmotiv Europ\u00ebn n\u00eb lidhje me kufijt\u00eb e rinj t\u00eb botimit dhe p\u00ebrhapjes s\u00eb dijes: \u201cT\u00eb shkruash Europ\u00ebn e re: botimet italiane, autor\u00eb dhe lexues n\u00eb epok\u00ebn dixhitale\u201d. Synimi i Jav\u00ebs s\u00eb Gjuh\u00ebs \u00ebsht\u00eb vler\u00ebsimi i rolit t\u00eb librit, n\u00eb format e ndryshme t\u00eb botimit (n\u00eb let\u00ebr apo dixhital), n\u00eb zhvillimin e konceptit t\u00eb Europ\u00ebs si vegwl p\u00ebr p\u00ebrhapjen e kultur\u00ebs dhe pwr civilizimin e shoq\u00ebris\u00eb. <\/P><br \/>\n<P>N\u00eb Konferenc\u00eb do t\u00eb jen\u00eb t\u00eb pranish\u00ebm, nd\u00ebr t\u00eb tjer\u00ebt, edhe student\u00ebt e gjuh\u00ebs italiane q\u00eb n\u00eb muajt prill dhe maj t\u00eb k\u00ebtij viti u b\u00ebn\u00eb pjes\u00eb t\u00eb \u201c2014: T\u00eb p\u00ebrgatitemi p\u00ebr Eurp\u00ebn\u201d, projekt italian p\u00ebr formimin europian \u2013 n\u00ebn kujdesin e Ambasad\u00ebs s\u00eb Italis\u00eb dhe mb\u00ebshtetjen e Institutit Italian t\u00eb Kultur\u00ebs \u2013 q\u00eb u realizua n\u00eb shkollat dhe universitetet e 6 qyteteve (Tiran\u00eb, Elbasan, Kor\u00e7\u00eb, Shkod\u00ebr, Vlor\u00eb, Gjirokast\u00ebr), duke zbatuar n\u00eb Shqip\u00ebri formatin didaktik t\u00eb Punto Europa Direct t\u00eb Forli-s\u00eb (Universiteti i Bologna-s) dhe qendr\u00ebs s\u00eb Ekselenc\u00ebs Jean Monnet, t\u00eb njohur nga Komisioni Europian. Konferenca do t\u00eb kuror\u00ebzoj\u00eb edhe k\u00ebt\u00eb p\u00ebrvoj\u00eb pozitive kulturore q\u00eb n\u00eb muajt e shkuar ka p\u00ebrfshir\u00eb mbi 1000 nx\u00ebn\u00ebs dhe student\u00eb shqiptar\u00eb, duke sjell\u00eb n\u00eb nj\u00eb vend t\u00eb huaj realitetet akademike dhe institucionale t\u00eb Sistemit Itali. <\/P><br \/>\n<P><A href=\"\/resource\/2014\/10\/36657_f_ProgramShqiperiadheItalianjepartnershipperEuropen1.pdf\">Programi i konferenc\u00ebs Shqip\u00ebria dhe Italia: nj\u00eb partnership p\u00ebr Europ\u00ebn<\/A>.<\/P><\/p>\n","protected":false},"excerpt":{"rendered":"Tiran\u00eb, 20-21 tetor 2014Ambasada e Italis\u00eb n\u00eb Tiran\u00eb \u2013 Universiteti Katolik \u201cZoja e K\u00ebshillit t\u00eb Mir\u00eb\u201dN\u00eb kuadrin e aktiviteteve t\u00eb Presidenc\u00ebs italiane t\u00eb K\u00ebshillit t\u00eb Bashkimit Europian, Ambasada e Italis\u00eb n\u00eb Tiran\u00eb dhe Universiteti Katolik \u201cZoja e K\u00ebshillit t\u00eb Mir\u00eb\u201d organizojn\u00eb n\u00eb Tiran\u00eb, dit\u00ebn e h\u00ebn\u00eb dhe t\u00eb mart\u00eb dat\u00eb 20 dhe 21 tetor, Konferenc\u00ebn [&hellip;]","protected":false},"author":1,"featured_media":0,"comment_status":"","ping_status":"","sticky":false,"template":"","format":"standard","meta":{"footnotes":""},"tags":[],"class_list":["post-4618","post","type-post","status-publish","format-standard","hentry"],"_links":{"self":[{"href":"https:\/\/ambtirana.esteri.it\/sq\/wp-json\/wp\/v2\/posts\/4618","targetHints":{"allow":["GET"]}}],"collection":[{"href":"https:\/\/ambtirana.esteri.it\/sq\/wp-json\/wp\/v2\/posts"}],"about":[{"href":"https:\/\/ambtirana.esteri.it\/sq\/wp-json\/wp\/v2\/types\/post"}],"author":[{"embeddable":true,"href":"https:\/\/ambtirana.esteri.it\/sq\/wp-json\/wp\/v2\/users\/1"}],"replies":[{"embeddable":true,"href":"https:\/\/ambtirana.esteri.it\/sq\/wp-json\/wp\/v2\/comments?post=4618"}],"version-history":[{"count":0,"href":"https:\/\/ambtirana.esteri.it\/sq\/wp-json\/wp\/v2\/posts\/4618\/revisions"}],"wp:attachment":[{"href":"https:\/\/ambtirana.esteri.it\/sq\/wp-json\/wp\/v2\/media?parent=4618"}],"wp:term":[{"taxonomy":"post_tag","embeddable":true,"href":"https:\/\/ambtirana.esteri.it\/sq\/wp-json\/wp\/v2\/tags?post=4618"}],"curies":[{"name":"wp","href":"https:\/\/api.w.org\/{rel}","templated":true}]}}