{"id":4624,"date":"2014-10-17T14:12:27","date_gmt":"2014-10-17T12:12:27","guid":{"rendered":"https:\/\/ambtirana.esteri.it\/news\/dall_ambasciata\/2014\/10\/fiaccola-della-solidarieta-2\/"},"modified":"2014-10-17T14:12:27","modified_gmt":"2014-10-17T12:12:27","slug":"fiaccola-della-solidarieta-2","status":"publish","type":"post","link":"https:\/\/ambtirana.esteri.it\/sq\/news\/dall_ambasciata\/2014\/10\/fiaccola-della-solidarieta-2\/","title":{"rendered":"Edicioni i tret\u00eb i aktivitetit \u201cFlaka e Dashuris\u00eb dhe Solidaritetit\u201d."},"content":{"rendered":"<p>Organizata Shqiptare e Dhuruesve Vullnetar\u00eb t\u00eb Gjakut, n\u00eb kuadrin e Projektit IADSA i financuar\u00a0 nga Koperacioni Italian p\u00ebr Zhvillim n\u00eb bashk\u00ebpunim me Ministrin\u00eb e Pun\u00ebve t\u00eb Jashtme dhe Ministrin\u00eb e Financave t\u00eb Shqip\u00ebris\u00eb, ka k\u00ebnaq\u00ebsin\u00eb t\u2019ju ftoj\u00eb n\u00eb aktivitetin me titull \u201cFlaka e Dashuris\u00eb dhe Solidaritetit\u201d, tani n\u00eb edicionin e saj t\u00eb tret\u00eb. <BR>Vitin e kaluar ka arritur n\u00eb tet\u00eb qytete kryesore t\u00eb Shqip\u00ebris\u00eb, k\u00ebt\u00eb vit \u201c Flaka e Dashuris\u00eb dhe Solidaritetit\u201d do t\u00eb kap\u00ebrcej\u00eb kufinjt\u00eb e vendit ton\u00eb p\u00ebr t\u00eb shkuar drej Kosoves. <BR>Kjo veprimtari, mbyll aktivitetet e organizuara nga organizata jon\u00eb p\u00ebr t\u00eb p\u00ebrballuar emergjenc\u00ebn e munges\u00ebs s\u00eb gjakut n\u00eb stin\u00ebn e ver\u00ebs, p\u00ebrgjigja nga ana e popullit shqiptar, ka qen\u00eb e mrekullueshme por ka akoma shum\u00eb p\u00ebr t\u00eb b\u00ebr\u00eb. <BR>Ju presim p\u00ebr ndezjen e Pishtarit, s\u00eb bashku me Ambasadorin Massimo GAIANI dhe Ministrin e Sh\u00ebndet\u00ebsise Z. Ilir BEQJA dit\u00ebn e shtun\u00eb 18 tetor 2014 n\u00eb or\u00ebn 12.00 tek diga e Liqenit Artificial, dhe dh\u00ebnien e cmimeve p\u00ebr nj\u00eb grup dhuruesish dhe mb\u00ebshtet\u00ebsish t\u00eb dhurimit vullnetar dhe pa kompensim t\u00eb gjakut.<BR><\/p>\n","protected":false},"excerpt":{"rendered":"Organizata Shqiptare e Dhuruesve Vullnetar\u00eb t\u00eb Gjakut, n\u00eb kuadrin e Projektit IADSA i financuar\u00a0 nga Koperacioni Italian p\u00ebr Zhvillim n\u00eb bashk\u00ebpunim me Ministrin\u00eb e Pun\u00ebve t\u00eb Jashtme dhe Ministrin\u00eb e Financave t\u00eb Shqip\u00ebris\u00eb, ka k\u00ebnaq\u00ebsin\u00eb t\u2019ju ftoj\u00eb n\u00eb aktivitetin me titull \u201cFlaka e Dashuris\u00eb dhe Solidaritetit\u201d, tani n\u00eb edicionin e saj t\u00eb tret\u00eb. Vitin e [&hellip;]","protected":false},"author":1,"featured_media":0,"comment_status":"","ping_status":"","sticky":false,"template":"","format":"standard","meta":{"footnotes":""},"tags":[],"class_list":["post-4624","post","type-post","status-publish","format-standard","hentry"],"_links":{"self":[{"href":"https:\/\/ambtirana.esteri.it\/sq\/wp-json\/wp\/v2\/posts\/4624","targetHints":{"allow":["GET"]}}],"collection":[{"href":"https:\/\/ambtirana.esteri.it\/sq\/wp-json\/wp\/v2\/posts"}],"about":[{"href":"https:\/\/ambtirana.esteri.it\/sq\/wp-json\/wp\/v2\/types\/post"}],"author":[{"embeddable":true,"href":"https:\/\/ambtirana.esteri.it\/sq\/wp-json\/wp\/v2\/users\/1"}],"replies":[{"embeddable":true,"href":"https:\/\/ambtirana.esteri.it\/sq\/wp-json\/wp\/v2\/comments?post=4624"}],"version-history":[{"count":0,"href":"https:\/\/ambtirana.esteri.it\/sq\/wp-json\/wp\/v2\/posts\/4624\/revisions"}],"wp:attachment":[{"href":"https:\/\/ambtirana.esteri.it\/sq\/wp-json\/wp\/v2\/media?parent=4624"}],"wp:term":[{"taxonomy":"post_tag","embeddable":true,"href":"https:\/\/ambtirana.esteri.it\/sq\/wp-json\/wp\/v2\/tags?post=4624"}],"curies":[{"name":"wp","href":"https:\/\/api.w.org\/{rel}","templated":true}]}}