{"id":4630,"date":"2014-10-03T13:38:18","date_gmt":"2014-10-03T11:38:18","guid":{"rendered":"https:\/\/ambtirana.esteri.it\/news\/dall_ambasciata\/2014\/10\/italiano-in-famiglia-2\/"},"modified":"2014-10-03T13:38:18","modified_gmt":"2014-10-03T11:38:18","slug":"italiano-in-famiglia-2","status":"publish","type":"post","link":"https:\/\/ambtirana.esteri.it\/sq\/news\/dall_ambasciata\/2014\/10\/italiano-in-famiglia-2\/","title":{"rendered":"\u201cItalishtja n\u00eb familje\u201d nga data 6 tetor n\u00eb Digitalb"},"content":{"rendered":"<p><P>Platforma Digitalb, n\u00eb bashk\u00ebpunim me Ambasad\u00ebn italiane n\u00eb Tiran\u00eb, nis &#8211; nga data 6 tetor n\u00eb kanalin \u201c<EM><STRONG>Junior<\/STRONG><\/EM>\u201d n\u00eb or\u00ebn 19:00 &#8211; transmetimin e 35 serive t\u00eb kursit televiziv p\u00ebr m\u00ebsimin e gjuh\u00ebs italiane. <\/P><P>Kursi do t\u00eb transmetohen n\u00eb kanalin Junior \u00e7\u2019do t\u00eb h\u00ebn\u00eb dhe t\u00eb enjte n\u00eb or\u00ebn 19:00, seri t\u00eb cilat do t\u00eb ritransmetohen n\u00eb t\u00eb nj\u00ebjtin kanal \u00e7\u2019do t\u00eb mart\u00eb dhe t\u00eb premte n\u00eb or\u00ebn 16:30.<\/P><br \/>\n<P>\u201cItalishtja n\u00eb familje\u201d \u00ebsht\u00eb realizuar nga bashk\u00ebpunimi i Drejtorive arsimore t\u00eb Brescia-s dhe Lombardis\u00eb, e p\u00ebrve\u00e7 kursit televiziv mund t\u00eb ndiqet dhe n\u00ebp\u00ebrmjet faqes s\u00eb internetit <A href=\"http:\/\/www.italianoinfamiglia.it\">www.italianoinfamiglia.it<\/A>.<\/P><br \/>\n<P><A id=\"\u201cItalishtja n\u00eb familje\u201d nga data 6 tetor n\u00eb Digitalb\" href=\"http:\/\/www.youtube.com\/watch?v=wTlbTotaicM\" name=\"\u201cItalishtja n\u00eb familje\u201d nga data 6 tetor n\u00eb Digitalb\">\u201cItalishtja n\u00eb familje\u201d nga data 6 tetor n\u00eb Digitalb<\/A>. <\/P><br \/>\n<P><A id='\"Italishtja ne Familje\" - Top Channel  ' href=\"http:\/\/www.youtube.com\/watch?v=UFMlMYnytCo\" name='\"Italishtja ne Familje\" - Top Channel  '>&#8220;Italishtja ne Familje&#8221;\u00a0&#8211;\u00a0Top Channel<\/A> \u00a0<BR><\/P><\/p>\n","protected":false},"excerpt":{"rendered":"Platforma Digitalb, n\u00eb bashk\u00ebpunim me Ambasad\u00ebn italiane n\u00eb Tiran\u00eb, nis &#8211; nga data 6 tetor n\u00eb kanalin \u201cJunior\u201d n\u00eb or\u00ebn 19:00 &#8211; transmetimin e 35 serive t\u00eb kursit televiziv p\u00ebr m\u00ebsimin e gjuh\u00ebs italiane. Kursi do t\u00eb transmetohen n\u00eb kanalin Junior \u00e7\u2019do t\u00eb h\u00ebn\u00eb dhe t\u00eb enjte n\u00eb or\u00ebn 19:00, seri t\u00eb cilat do t\u00eb [&hellip;]","protected":false},"author":1,"featured_media":0,"comment_status":"","ping_status":"","sticky":false,"template":"","format":"standard","meta":{"footnotes":""},"tags":[],"class_list":["post-4630","post","type-post","status-publish","format-standard","hentry"],"_links":{"self":[{"href":"https:\/\/ambtirana.esteri.it\/sq\/wp-json\/wp\/v2\/posts\/4630","targetHints":{"allow":["GET"]}}],"collection":[{"href":"https:\/\/ambtirana.esteri.it\/sq\/wp-json\/wp\/v2\/posts"}],"about":[{"href":"https:\/\/ambtirana.esteri.it\/sq\/wp-json\/wp\/v2\/types\/post"}],"author":[{"embeddable":true,"href":"https:\/\/ambtirana.esteri.it\/sq\/wp-json\/wp\/v2\/users\/1"}],"replies":[{"embeddable":true,"href":"https:\/\/ambtirana.esteri.it\/sq\/wp-json\/wp\/v2\/comments?post=4630"}],"version-history":[{"count":0,"href":"https:\/\/ambtirana.esteri.it\/sq\/wp-json\/wp\/v2\/posts\/4630\/revisions"}],"wp:attachment":[{"href":"https:\/\/ambtirana.esteri.it\/sq\/wp-json\/wp\/v2\/media?parent=4630"}],"wp:term":[{"taxonomy":"post_tag","embeddable":true,"href":"https:\/\/ambtirana.esteri.it\/sq\/wp-json\/wp\/v2\/tags?post=4630"}],"curies":[{"name":"wp","href":"https:\/\/api.w.org\/{rel}","templated":true}]}}