{"id":4658,"date":"2014-09-23T08:50:05","date_gmt":"2014-09-23T06:50:05","guid":{"rendered":"https:\/\/ambtirana.esteri.it\/news\/dall_ambasciata\/2014\/09\/visita-ministro-pinotti-2\/"},"modified":"2014-09-23T08:50:05","modified_gmt":"2014-09-23T06:50:05","slug":"visita-ministro-pinotti-2","status":"publish","type":"post","link":"https:\/\/ambtirana.esteri.it\/sq\/news\/dall_ambasciata\/2014\/09\/visita-ministro-pinotti-2\/","title":{"rendered":"Ministrja e Mbrojtjes s\u00eb Republik\u00ebs s\u00eb Shqip\u00ebris\u00eb, Roberta Pinotti, vizit\u00eb zyrtare n\u00eb Shqip\u00ebri."},"content":{"rendered":"<p><P>Ministrja e Mbrojtjes Roberta Pinotti takoi n\u00eb Tiran\u00eb Presidentin e Republik\u00ebs Bujar Nishani, Z\u00ebvend\u00ebs Kryeministrin Niko Peleshi dhe Ministren e Mbrojtjes Mimi Kodheli. <\/P><P>\u201cShqip\u00ebria \u00ebsht\u00eb nj\u00eb vend me t\u00eb cilin kemi shum\u00eb pik\u00ebpamje dhe interesa t\u00eb p\u00ebrbashk\u00ebt. Vizita ime k\u00ebtu ka q\u00ebllimin t\u00eb p\u00ebrforcoj\u00eb marr\u00ebdh\u00ebniet me dy vendeve dhe t\u2019i hap\u00eb rrug\u00ebn bashk\u00ebpunimit t\u00eb m\u00ebtejsh\u00ebm p\u00ebr projekte t\u00eb p\u00ebrbashk\u00ebta, n\u00eb sektor\u00ebt operativ\u00eb dhe t\u00eb st\u00ebrvitjes, edhe n\u00eb baz\u00eb t\u00eb pranis\u00eb ton\u00eb t\u00eb p\u00ebrbashk\u00ebt n\u00eb Aleanc\u00ebn Atlantike, dhe shpresojm\u00eb shpejt, n\u00eb Bashkimin Evropian.\u201d<BR>K\u00ebshtu \u00ebsht\u00eb shprehur Ministra e Mbrojtjes e Italis\u00eb, Sen. Roberta Pinotti, gjat\u00eb vizit\u00ebs zyrtare n\u00eb Shqip\u00ebri. <BR>Bisedime t\u00eb r\u00ebnd\u00ebsishme n\u00eb klim\u00eb miq\u00ebsor\u00eb, gjat\u00eb t\u00eb cilave u theksua vullneti p\u00ebr t\u00eb p\u00ebrforcuar marr\u00ebdh\u00ebniet e bashk\u00ebpunimit dypal\u00ebsh n\u00eb fush\u00ebn e Mbrojtjes mes Italis\u00eb dhe Shqip\u00ebris\u00eb. <BR>Gjat\u00eb vizit\u00ebs me homologen Mimi Kodheli, Ministrja Pinotti shprehu k\u00ebnaq\u00ebsin\u00eb p\u00ebr marrjen e statusit t\u00eb vendit kandidat per an\u00ebtar\u00ebsimin n\u00eb Bashkimin Evropian. Nj\u00eb etap\u00eb thelb\u00ebsore n\u00eb rrug\u00ebtimin drejt integrimit t\u00eb gjith\u00eb Ballkanit Per\u00ebndimor. <BR>N\u00eb qend\u00ebr t\u00eb bisedimeve edhe mund\u00ebsia e pjes\u00ebmarrjes s\u00eb Shqip\u00ebris\u00eb jo vet\u00ebm si shtet v\u00ebzhgues por edhe si an\u00ebtar i Defence Cooperation Initiative, Nism\u00eb ku aktualisht b\u00ebjn\u00eb pjes\u00eb Italia, Austria, Kroacia, Sllovenia dhe Hungaria e q\u00eb ka si q\u00ebllim nisjen e projekteve t\u00eb bashk\u00ebpunimit n\u00eb kuadrin e Frame\u00ebork Nation Concept p\u00ebr zhvillimin e kapaciteteve n\u00eb fushat e stabilizimit dhe rind\u00ebrtimit. <BR>Pinotti dhe Kodheli biseduan edhe mbi Maritime Situational A\u00ebareness, q\u00eb ka si q\u00ebllim thellimin e bashk\u00ebpunimit n\u00eb fush\u00ebn detare. <BR>U bisedua gjithashtu p\u00ebr st\u00ebrvitjet e Nato-s \u201cTrident Juncture 2015\u201d, Kosov\u00eb dhe Afganistan. M\u00eb pas, Ministrja takoi Z\u00ebvend\u00ebs Kryeministrin Niko Peleshi dhe Presidentin e Republik\u00ebs s\u00eb Shqip\u00ebris\u00eb Bujar Nishani. Gjat\u00eb takimeve u vler\u00ebsua zhvillimi i marr\u00ebdh\u00ebnieve mes dy Vendeve. <\/P><br \/>\n<P><A id=\"Vizita zyrtare e Ministres Pinotti n\u00eb Shqip\u00ebri\" href=\"http:\/\/www.difesa.it\/Primo_Piano\/Pagine\/Pinotti_Albania.aspx\" name=\"Vizita zyrtare e Ministres Pinotti n\u00eb Shqip\u00ebri\">Vizita zyrtare e Ministres Pinotti n\u00eb Shqip\u00ebri<\/A>.<\/P><\/p>\n","protected":false},"excerpt":{"rendered":"Ministrja e Mbrojtjes Roberta Pinotti takoi n\u00eb Tiran\u00eb Presidentin e Republik\u00ebs Bujar Nishani, Z\u00ebvend\u00ebs Kryeministrin Niko Peleshi dhe Ministren e Mbrojtjes Mimi Kodheli. \u201cShqip\u00ebria \u00ebsht\u00eb nj\u00eb vend me t\u00eb cilin kemi shum\u00eb pik\u00ebpamje dhe interesa t\u00eb p\u00ebrbashk\u00ebt. Vizita ime k\u00ebtu ka q\u00ebllimin t\u00eb p\u00ebrforcoj\u00eb marr\u00ebdh\u00ebniet me dy vendeve dhe t\u2019i hap\u00eb rrug\u00ebn bashk\u00ebpunimit t\u00eb m\u00ebtejsh\u00ebm [&hellip;]","protected":false},"author":1,"featured_media":0,"comment_status":"","ping_status":"","sticky":false,"template":"","format":"standard","meta":{"footnotes":""},"tags":[],"class_list":["post-4658","post","type-post","status-publish","format-standard","hentry"],"_links":{"self":[{"href":"https:\/\/ambtirana.esteri.it\/sq\/wp-json\/wp\/v2\/posts\/4658","targetHints":{"allow":["GET"]}}],"collection":[{"href":"https:\/\/ambtirana.esteri.it\/sq\/wp-json\/wp\/v2\/posts"}],"about":[{"href":"https:\/\/ambtirana.esteri.it\/sq\/wp-json\/wp\/v2\/types\/post"}],"author":[{"embeddable":true,"href":"https:\/\/ambtirana.esteri.it\/sq\/wp-json\/wp\/v2\/users\/1"}],"replies":[{"embeddable":true,"href":"https:\/\/ambtirana.esteri.it\/sq\/wp-json\/wp\/v2\/comments?post=4658"}],"version-history":[{"count":0,"href":"https:\/\/ambtirana.esteri.it\/sq\/wp-json\/wp\/v2\/posts\/4658\/revisions"}],"wp:attachment":[{"href":"https:\/\/ambtirana.esteri.it\/sq\/wp-json\/wp\/v2\/media?parent=4658"}],"wp:term":[{"taxonomy":"post_tag","embeddable":true,"href":"https:\/\/ambtirana.esteri.it\/sq\/wp-json\/wp\/v2\/tags?post=4658"}],"curies":[{"name":"wp","href":"https:\/\/api.w.org\/{rel}","templated":true}]}}