{"id":4664,"date":"2014-09-19T16:39:40","date_gmt":"2014-09-19T14:39:40","guid":{"rendered":"https:\/\/ambtirana.esteri.it\/news\/dall_ambasciata\/2014\/09\/cntributo-al-progetto-star-2\/"},"modified":"2014-09-19T16:39:40","modified_gmt":"2014-09-19T14:39:40","slug":"cntributo-al-progetto-star-2","status":"publish","type":"post","link":"https:\/\/ambtirana.esteri.it\/sq\/news\/dall_ambasciata\/2014\/09\/cntributo-al-progetto-star-2\/","title":{"rendered":"Kontribut me vler\u00eb 800 mij\u00eb euro e Zyr\u00ebs s\u00eb Kooperacionit p\u00ebr Zhvillim n\u00eb kuadrin e projektit STAR &#8211;\u00a0 \u201cMb\u00ebshtetje t\u00eb reform\u00ebs administrativo-territoriale\u201d."},"content":{"rendered":"<p><P>Qeveria italiane n\u00ebp\u00ebrmjet Zyr\u00ebs s\u00eb Kooperacionit p\u00ebr Zhvillim mb\u00ebshtet reform\u00ebn administrativo-territoriale me nj\u00eb kontribut prej 800 mij\u00eb Euro q\u00eb do t\u2019i shtohet fondit t\u00eb donator\u00ebve shum\u00ebkomb\u00ebsh t\u00eb Projektit STAR \u201cMb\u00ebshtetje t\u00eb reform\u00ebs administrativo-territoriale\u201d I menagjuar nga UNDP.<BR>P\u00ebr m\u00eb shum\u00eb informacione mund t\u00eb konsultoni faqen e internetit t\u00eb\u00a0 <A id=\"Zyr\u00ebs s\u00eb Kooperacionit p\u00ebr Zhvillim, Tiran\u00eb\" href=\"http:\/\/www.italcoopalbania.org\/news_info.php?id=767&#038;l=a\" name=\"Zyr\u00ebs s\u00eb Kooperacionit p\u00ebr Zhvillim, Tiran\u00eb\">Zyr\u00ebs s\u00eb Kooperacionit p\u00ebr Zhvillim, Tiran\u00eb<\/A>. <BR><\/P><\/p>\n","protected":false},"excerpt":{"rendered":"Qeveria italiane n\u00ebp\u00ebrmjet Zyr\u00ebs s\u00eb Kooperacionit p\u00ebr Zhvillim mb\u00ebshtet reform\u00ebn administrativo-territoriale me nj\u00eb kontribut prej 800 mij\u00eb Euro q\u00eb do t\u2019i shtohet fondit t\u00eb donator\u00ebve shum\u00ebkomb\u00ebsh t\u00eb Projektit STAR \u201cMb\u00ebshtetje t\u00eb reform\u00ebs administrativo-territoriale\u201d I menagjuar nga UNDP.P\u00ebr m\u00eb shum\u00eb informacione mund t\u00eb konsultoni faqen e internetit t\u00eb\u00a0 Zyr\u00ebs s\u00eb Kooperacionit p\u00ebr Zhvillim, Tiran\u00eb.","protected":false},"author":1,"featured_media":0,"comment_status":"","ping_status":"","sticky":false,"template":"","format":"standard","meta":{"footnotes":""},"tags":[],"class_list":["post-4664","post","type-post","status-publish","format-standard","hentry"],"_links":{"self":[{"href":"https:\/\/ambtirana.esteri.it\/sq\/wp-json\/wp\/v2\/posts\/4664","targetHints":{"allow":["GET"]}}],"collection":[{"href":"https:\/\/ambtirana.esteri.it\/sq\/wp-json\/wp\/v2\/posts"}],"about":[{"href":"https:\/\/ambtirana.esteri.it\/sq\/wp-json\/wp\/v2\/types\/post"}],"author":[{"embeddable":true,"href":"https:\/\/ambtirana.esteri.it\/sq\/wp-json\/wp\/v2\/users\/1"}],"replies":[{"embeddable":true,"href":"https:\/\/ambtirana.esteri.it\/sq\/wp-json\/wp\/v2\/comments?post=4664"}],"version-history":[{"count":0,"href":"https:\/\/ambtirana.esteri.it\/sq\/wp-json\/wp\/v2\/posts\/4664\/revisions"}],"wp:attachment":[{"href":"https:\/\/ambtirana.esteri.it\/sq\/wp-json\/wp\/v2\/media?parent=4664"}],"wp:term":[{"taxonomy":"post_tag","embeddable":true,"href":"https:\/\/ambtirana.esteri.it\/sq\/wp-json\/wp\/v2\/tags?post=4664"}],"curies":[{"name":"wp","href":"https:\/\/api.w.org\/{rel}","templated":true}]}}