{"id":4675,"date":"2014-08-28T13:26:54","date_gmt":"2014-08-28T11:26:54","guid":{"rendered":"https:\/\/ambtirana.esteri.it\/news\/dall_ambasciata\/2014\/08\/avviso-vendita-auto-2\/"},"modified":"2014-08-28T13:26:54","modified_gmt":"2014-08-28T11:26:54","slug":"avviso-vendita-auto-2","status":"publish","type":"post","link":"https:\/\/ambtirana.esteri.it\/sq\/news\/dall_ambasciata\/2014\/08\/avviso-vendita-auto-2\/","title":{"rendered":"Njoftim p\u00ebr shitjen e vetur\u00ebs s\u00eb ambasad\u00ebs"},"content":{"rendered":"<p><P>Ambasada e Italis\u00eb n\u00eb Tiran\u00eb njofton se ka v\u00ebn\u00eb n\u00eb shitje autovetur\u00ebm Mercedes-Benz Mod.E430B4, regjistruar m\u00eb 01\/04\/2003. <\/P><P>P\u00ebr informacione t\u00eb m\u00ebtejshme lexoni <A href=\"\/resource\/2014\/08\/35212_f_AvvisoMakina2.pdf\">njoftimin<\/A><\/P><br \/>\n<P>P\u00ebr Komisionin e Shqyrtimit t\u00eb Ofertave <A href=\"\/resource\/2014\/09\/35726_f_CommissioneVenditaAuto1.pdf\">kliko k\u00ebtu<\/A>. <\/P><\/p>\n","protected":false},"excerpt":{"rendered":"Ambasada e Italis\u00eb n\u00eb Tiran\u00eb njofton se ka v\u00ebn\u00eb n\u00eb shitje autovetur\u00ebm Mercedes-Benz Mod.E430B4, regjistruar m\u00eb 01\/04\/2003. P\u00ebr informacione t\u00eb m\u00ebtejshme lexoni njoftimin P\u00ebr Komisionin e Shqyrtimit t\u00eb Ofertave kliko k\u00ebtu.","protected":false},"author":1,"featured_media":0,"comment_status":"","ping_status":"","sticky":false,"template":"","format":"standard","meta":{"footnotes":""},"tags":[],"class_list":["post-4675","post","type-post","status-publish","format-standard","hentry"],"_links":{"self":[{"href":"https:\/\/ambtirana.esteri.it\/sq\/wp-json\/wp\/v2\/posts\/4675","targetHints":{"allow":["GET"]}}],"collection":[{"href":"https:\/\/ambtirana.esteri.it\/sq\/wp-json\/wp\/v2\/posts"}],"about":[{"href":"https:\/\/ambtirana.esteri.it\/sq\/wp-json\/wp\/v2\/types\/post"}],"author":[{"embeddable":true,"href":"https:\/\/ambtirana.esteri.it\/sq\/wp-json\/wp\/v2\/users\/1"}],"replies":[{"embeddable":true,"href":"https:\/\/ambtirana.esteri.it\/sq\/wp-json\/wp\/v2\/comments?post=4675"}],"version-history":[{"count":0,"href":"https:\/\/ambtirana.esteri.it\/sq\/wp-json\/wp\/v2\/posts\/4675\/revisions"}],"wp:attachment":[{"href":"https:\/\/ambtirana.esteri.it\/sq\/wp-json\/wp\/v2\/media?parent=4675"}],"wp:term":[{"taxonomy":"post_tag","embeddable":true,"href":"https:\/\/ambtirana.esteri.it\/sq\/wp-json\/wp\/v2\/tags?post=4675"}],"curies":[{"name":"wp","href":"https:\/\/api.w.org\/{rel}","templated":true}]}}