{"id":4720,"date":"2014-06-30T15:02:50","date_gmt":"2014-06-30T13:02:50","guid":{"rendered":"https:\/\/ambtirana.esteri.it\/news\/dall_ambasciata\/2014\/06\/un-viaggio-verso-l-europa-2\/"},"modified":"2014-06-30T15:02:50","modified_gmt":"2014-06-30T13:02:50","slug":"un-viaggio-verso-l-europa-2","status":"publish","type":"post","link":"https:\/\/ambtirana.esteri.it\/sq\/news\/dall_ambasciata\/2014\/06\/un-viaggio-verso-l-europa-2\/","title":{"rendered":"NJ\u00cb UDH\u00cbTIM DREJT EVROP\u00cbS &#8211; Orkestrat Rinore Shqiptare dhe Italiane s\u00eb bashku n\u00eb Tiran\u00eb p\u00ebr marrjen e Presidenc\u00ebs italiane t\u00eb K\u00ebshillit t\u00eb Bashkimit Evropian. Teatri i Operas dhe Baletit n\u00eb Tiran\u00eb dat\u00eb 1 korrik 2014, ora 20.00"},"content":{"rendered":"<p>Ambasada Italiane n\u00eb Tiran\u00eb ka k\u00ebnaq\u00ebsin\u00eb t&#8217;ju informoj\u00eb se m\u00eb dat\u00eb 1 korrik, n\u00eb or\u00ebn 20, pran\u00eb Teatrit t\u00eb Operas dhe Baletit n\u00eb Tiran\u00eb do t\u00eb hapet zyrtarisht Presidenca italiane e K\u00ebshillit t\u00eb\u00a0 Bashkimit Europian, me nj\u00eb koncert q\u00eb do t\u00eb bashkoj\u00eb Orkestr\u00ebn Rinore t\u00eb Shkoll\u00ebs s\u00eb Muzik\u00ebs s\u00eb Fiesole-s dhe Orkestr\u00ebn Rinore Shqiptare, t\u00eb drejtuar nga Mjeshtri Guido Corti.<BR>Koncerti titullohet Nj\u00eb udh\u00ebtim drejt Evrop\u00ebs dhe parashikon nj\u00eb repertor me muzik\u00eb q\u00eb p\u00ebrfaq\u00ebson komponent\u00eb t\u00eb ndrysh\u00ebm t\u00eb identitetit evropian: do t\u00eb luhen Ouverture de L\u2019Italiana in Algeri, la Sinfonia n. 104 in Re maggiore di Haydn,\u00a0 Danze Rumene di Bartok e\u00a0 Danze Ungheresi di Brahms. <BR>Aktiviteti, n\u00ebn drejtimin artistik t\u00eb P\u00ebllumb Vorpsit dhe Arb\u00ebr Nezirit, \u00ebsht\u00eb organizuar nga Ambasada Italiane n\u00eb Tiran\u00eb, Istituti Italian i Kulturws, me kontributin e \u00e7muar t\u00eb Ministris\u00eb s\u00eb Kultur\u00ebs s\u00eb Shqip\u00ebris\u00eb, Fondacionit Idea n\u00eb Tiran\u00eb, Shkoll\u00ebs s\u00eb Muzik\u00ebs s\u00eb Fiesole-s dhe Teatrit t\u00eb Oper\u00ebs dhe Baletit. Pjes\u00eb e projektit \u00ebsht\u00eb edhe Radio Televizioni Shqiptar.<BR>T\u2019ia besosh k\u00ebtij koncerti hapjen n\u00eb Tiran\u00eb t\u00eb Presidenc\u00ebs s\u00eb K\u00ebshillit t\u00eb BE-s\u00eb ka p\u00ebr Italin\u00eb nj\u00eb r\u00ebnd\u00ebsi t\u00eb ve\u00e7ant\u00eb sepse Ambasada Italiane n\u00eb Shqip\u00ebri, s\u00eb bashku me Institutin Italian t\u00eb Kultur\u00ebs ka mb\u00ebshtetur, q\u00eb nga lindja e tij, k\u00ebt\u00eb bashk\u00ebpunim t\u00eb frytsh\u00ebm mes dy Vendeve p\u00ebr ngritjen e nj\u00eb Orkestre Rinore Shqiptare dhe krijimin n\u00eb Tiran\u00eb t\u00eb nj\u00eb Akademie Muzike t\u00eb ngjashme me at\u00eb fiesolane. <BR>Udh\u00ebtimi drejt Evrop\u00ebs q\u00eb i jep titullin koncertit, ka gjithashtu nj\u00eb kuptim t\u00eb dyfisht\u00eb: &#8220;\u00ebsht\u00eb i qart\u00eb p\u00ebr t\u00eb gjith\u00eb q\u00eb vendi i Shqip\u00ebris\u00eb \u00ebsht\u00eb n\u00eb Evrop\u00eb, p\u00ebr historin\u00eb, kultur\u00ebn, vlerat,&#8221; ka th\u00ebn\u00eb pak muaj m\u00eb par\u00eb Presidenti Napolitano n\u00eb nj\u00eb vizit\u00eb n\u00eb Tiran\u00eb, dhe disa dit\u00eb pas dh\u00ebnies s\u00eb statusit t\u00eb kandidatit b\u00ebhet realitet p\u00ebr Vendin afrimi me Evrop\u00ebn, mb\u00ebshtetur dhe inkurajuar gjithmon\u00eb me k\u00ebmb\u00ebngulje nga Italia.<BR>Kuptimi i dyt\u00eb i titullit Udh\u00ebtim drej Evrop\u00ebs i hap rrug\u00ebn impenjimit t\u00eb ardhsh\u00ebm t\u00eb dy orkestrave, q\u00eb\u00a0 do t\u00eb \u00e7oj\u00eb muzikant\u00ebt e rinj t\u00eb performojn\u00eb n\u00eb fillim n\u00eb Sarajev\u00eb e m\u00eb pas n\u00eb Bruksel, ku p\u00ebrpara Parlamentit Europian, do t\u00eb festojn\u00eb hyrjen e tyre n\u00eb Federat\u00ebn e Orkestrave Rinore Europiane.<BR>Aktivitetet n\u00eb program me rastin e Presidenc\u00ebs italiane do t\u00eb vazhdojn\u00eb m\u00eb 3 korrik, me p\u00ebrurimin e ekspozit\u00ebs Kufijt\u00eb: gjuh\u00eb, hap\u00ebsir\u00eb, objekte, njer\u00ebz pran\u00eb Institutit Italian t\u00eb Kultur\u00ebs n\u00eb or\u00ebn 18.30 me nj\u00eb ekspozit\u00eb fotografike t\u00eb artistes Agnese Purgatorio.<BR><\/p>\n","protected":false},"excerpt":{"rendered":"Ambasada Italiane n\u00eb Tiran\u00eb ka k\u00ebnaq\u00ebsin\u00eb t&#8217;ju informoj\u00eb se m\u00eb dat\u00eb 1 korrik, n\u00eb or\u00ebn 20, pran\u00eb Teatrit t\u00eb Operas dhe Baletit n\u00eb Tiran\u00eb do t\u00eb hapet zyrtarisht Presidenca italiane e K\u00ebshillit t\u00eb\u00a0 Bashkimit Europian, me nj\u00eb koncert q\u00eb do t\u00eb bashkoj\u00eb Orkestr\u00ebn Rinore t\u00eb Shkoll\u00ebs s\u00eb Muzik\u00ebs s\u00eb Fiesole-s dhe Orkestr\u00ebn Rinore Shqiptare, t\u00eb [&hellip;]","protected":false},"author":1,"featured_media":0,"comment_status":"","ping_status":"","sticky":false,"template":"","format":"standard","meta":{"footnotes":""},"tags":[],"class_list":["post-4720","post","type-post","status-publish","format-standard","hentry"],"_links":{"self":[{"href":"https:\/\/ambtirana.esteri.it\/sq\/wp-json\/wp\/v2\/posts\/4720","targetHints":{"allow":["GET"]}}],"collection":[{"href":"https:\/\/ambtirana.esteri.it\/sq\/wp-json\/wp\/v2\/posts"}],"about":[{"href":"https:\/\/ambtirana.esteri.it\/sq\/wp-json\/wp\/v2\/types\/post"}],"author":[{"embeddable":true,"href":"https:\/\/ambtirana.esteri.it\/sq\/wp-json\/wp\/v2\/users\/1"}],"replies":[{"embeddable":true,"href":"https:\/\/ambtirana.esteri.it\/sq\/wp-json\/wp\/v2\/comments?post=4720"}],"version-history":[{"count":0,"href":"https:\/\/ambtirana.esteri.it\/sq\/wp-json\/wp\/v2\/posts\/4720\/revisions"}],"wp:attachment":[{"href":"https:\/\/ambtirana.esteri.it\/sq\/wp-json\/wp\/v2\/media?parent=4720"}],"wp:term":[{"taxonomy":"post_tag","embeddable":true,"href":"https:\/\/ambtirana.esteri.it\/sq\/wp-json\/wp\/v2\/tags?post=4720"}],"curies":[{"name":"wp","href":"https:\/\/api.w.org\/{rel}","templated":true}]}}