{"id":4748,"date":"2014-06-05T13:57:08","date_gmt":"2014-06-05T11:57:08","guid":{"rendered":"https:\/\/ambtirana.esteri.it\/news\/dall_ambasciata\/2014\/06\/palazzo-del-quirinale-2\/"},"modified":"2014-06-05T13:57:08","modified_gmt":"2014-06-05T11:57:08","slug":"palazzo-del-quirinale-2","status":"publish","type":"post","link":"https:\/\/ambtirana.esteri.it\/sq\/news\/dall_ambasciata\/2014\/06\/palazzo-del-quirinale-2\/","title":{"rendered":"Hyr n\u00eb Pallatin e Presidenc\u00ebs duke p\u00ebrdodur kompjuter, tablet apo smartphone"},"content":{"rendered":"<p><P>Prej dat\u00ebs 2 qershor 2014, mund t\u00eb shihen pasurit\u00eb artistike t\u00eb Pallatit t\u00eb Presidenc\u00ebs se Republik\u00ebs Italiane \u201cQuirinale\u201d edhe p\u00ebrmes nj\u00eb vizite virtuale t\u00eb realizuar me pamje me \u201cthell\u00ebsi\u201d dhe definicion t\u00eb lart\u00eb (sikur vizituesi t\u00eb ishte brenda sallave apo korridoreve t\u00eb pallatit). P\u00ebrpara ekranit, n\u00eb adres\u00ebn <A href=\"http:\/\/www.quirinale.it\">www.quirinale.it<\/A>, mund t\u00eb vendoset itinerari i sh\u00ebtitjes virtuale, n\u00ebn drejtimin e z\u00ebrave t\u00eb aktor\u00ebve Francesco Pannolino dhe Isabella Ragonese. \u00cbsht\u00eb nj\u00eb rrug\u00ebtim me 360 grad\u00eb nd\u00ebr 5 shekuj histori, nga viti 1853 deri n\u00eb dit\u00ebt e sotme. <BR>Nd\u00ebr t\u00eb tjerat, mund t\u00eb shihen afreske t\u00eb piktor\u00ebve Guido Reni dhe Pietro da Cortona. Gjat\u00eb vizit\u00ebs mund t\u00eb krijohet nj\u00eb ide e aspiratave t\u00eb disa Pap\u00ebve si Paolo V Borghese i cili donte t\u00eb vendoste universalitetin e Kish\u00ebs s\u00eb Rom\u00ebs duke krijuar p\u00ebrfaq\u00ebsi n\u00eb vende t\u00eb ndryshme larg Rom\u00ebs. <BR>Rrug\u00ebtimi virtual mund t\u2019ju \u00e7oj\u00eb n\u00ebn harqet e arkitekt\u00ebve Flaminio Ponzio, Carlo Maderno dhe Domenico Fontana, madje mund t\u00eb gjeni gjurm\u00eb t\u00eb \u00ebndrr\u00ebs s\u00eb\u00a0 parealizuar t\u00eb Napolonit, perandorit q\u00eb selin\u00eb e Presidenc\u00ebs donte ta b\u00ebnte pallat perandorak. <BR>Presidenti Giorgio Napolitano ka theksuar n\u00eb disa raste se Pallati i Presidenc\u00ebs \u2013 i hapur p\u00ebr publikun \u00e7do t\u00eb diel\u00eb, \u00ebsht\u00eb sht\u00ebpia e italian\u00ebve. <BR>Tani, \u00e7el\u00ebsat e k\u00ebsaj sht\u00ebpie i kan\u00eb edhe p\u00ebrdoruesit e internetit. Udh\u00eb t\u00eb mbar\u00eb mes artit dhe historis\u00eb n\u00eb sallat ku kan\u00eb ndodhur \u00e7astet m\u00eb thelb\u00ebsore t\u00eb jet\u00ebs republikane<BR><\/P><\/p>\n","protected":false},"excerpt":{"rendered":"Prej dat\u00ebs 2 qershor 2014, mund t\u00eb shihen pasurit\u00eb artistike t\u00eb Pallatit t\u00eb Presidenc\u00ebs se Republik\u00ebs Italiane \u201cQuirinale\u201d edhe p\u00ebrmes nj\u00eb vizite virtuale t\u00eb realizuar me pamje me \u201cthell\u00ebsi\u201d dhe definicion t\u00eb lart\u00eb (sikur vizituesi t\u00eb ishte brenda sallave apo korridoreve t\u00eb pallatit). P\u00ebrpara ekranit, n\u00eb adres\u00ebn www.quirinale.it, mund t\u00eb vendoset itinerari i sh\u00ebtitjes virtuale, [&hellip;]","protected":false},"author":1,"featured_media":0,"comment_status":"","ping_status":"","sticky":false,"template":"","format":"standard","meta":{"footnotes":""},"tags":[],"class_list":["post-4748","post","type-post","status-publish","format-standard","hentry"],"_links":{"self":[{"href":"https:\/\/ambtirana.esteri.it\/sq\/wp-json\/wp\/v2\/posts\/4748","targetHints":{"allow":["GET"]}}],"collection":[{"href":"https:\/\/ambtirana.esteri.it\/sq\/wp-json\/wp\/v2\/posts"}],"about":[{"href":"https:\/\/ambtirana.esteri.it\/sq\/wp-json\/wp\/v2\/types\/post"}],"author":[{"embeddable":true,"href":"https:\/\/ambtirana.esteri.it\/sq\/wp-json\/wp\/v2\/users\/1"}],"replies":[{"embeddable":true,"href":"https:\/\/ambtirana.esteri.it\/sq\/wp-json\/wp\/v2\/comments?post=4748"}],"version-history":[{"count":0,"href":"https:\/\/ambtirana.esteri.it\/sq\/wp-json\/wp\/v2\/posts\/4748\/revisions"}],"wp:attachment":[{"href":"https:\/\/ambtirana.esteri.it\/sq\/wp-json\/wp\/v2\/media?parent=4748"}],"wp:term":[{"taxonomy":"post_tag","embeddable":true,"href":"https:\/\/ambtirana.esteri.it\/sq\/wp-json\/wp\/v2\/tags?post=4748"}],"curies":[{"name":"wp","href":"https:\/\/api.w.org\/{rel}","templated":true}]}}