{"id":4766,"date":"2014-05-20T13:36:37","date_gmt":"2014-05-20T11:36:37","guid":{"rendered":"https:\/\/ambtirana.esteri.it\/news\/dall_ambasciata\/2014\/05\/agedo-e-certi-diritti-partecipano-al-festival-of-diversity-di-tirana-2\/"},"modified":"2014-05-20T13:36:37","modified_gmt":"2014-05-20T11:36:37","slug":"agedo-e-certi-diritti-partecipano-al-festival-of-diversity-di-tirana-2","status":"publish","type":"post","link":"https:\/\/ambtirana.esteri.it\/sq\/news\/dall_ambasciata\/2014\/05\/agedo-e-certi-diritti-partecipano-al-festival-of-diversity-di-tirana-2\/","title":{"rendered":"SHOQATAT ITALIANE AGEDO E CERTI DIRITTI MARRIN PJESE NE FESTIVALIN E DIVERSITETIT NE TIRANE"},"content":{"rendered":"<p><P>Shoqatat Agedo dhe Associazione Radicale Certi Diritti, n\u00eb bashk\u00ebpunim me Ambasad\u00ebn e Italis\u00eb n\u00eb Tiran\u00eb dhe Institutin Italian t\u00eb Kultur\u00ebs, mor\u00ebn pjes\u00eb n\u00eb Festivalin e Diversitetit, organizuar nga Ambasada Pink ne bashkepunim me Shtepin\u00eb e t\u00eb Drejtave t\u00eb Njeriut dhe Open Mind Spectrum Albania, q\u00eb u mbajt n\u00eb Tiran\u00eb nga data 12 deri m\u00eb 17 maj 2014.\u00a0 <\/P><P>Dit\u00ebn e enjte, dat\u00eb 15 maj, ora 19.00, Rita De Santis p\u00ebr shoqat\u00ebn AGEDO dhe Yuri Guaiana p\u00ebr Shoq\u00ebrin\u00eb Certi Diritti, paraqit\u00ebn dokumentari \u201cDy her\u00eb prind\u00ebr\u201d (Due volte genitori), t\u00eb regjisorit Claudio Cipelletti.\u00a0\u00a0 <\/P><br \/>\n<P>\u201cDy her\u00eb prind\u00ebr\u201d \u00ebsht\u00eb nj\u00eb udh\u00ebtim n\u00eb gjasht\u00eb kapituj q\u00eb nis nga \u201cajo dit\u00eb, ajo or\u00eb dhe ai \u00e7ast\u201d ku gjith\u00e7ka ka ndryshuar dhe \u00ebsht\u00eb momenti i rr\u00ebfimit t\u00eb homoseksualitetit t\u00eb djalit apo vajz\u00ebs. Nj\u00eb rrug\u00ebtim i brendsh\u00ebm q\u00eb p\u00ebrshkon n\u00eb fillim humbjen dhe fajin, m\u00eb pas nevoj\u00ebn p\u00ebr t\u00eb kuptuar, t\u00ebrritorin e njohjes, indinjat\u00ebs, seksit, dhe n\u00eb fund t\u00eb ballafaqimit, ekspozimit t\u00eb vetes, ndryshimin. P\u00ebr t\u00eb mb\u00ebrritur deri n\u00eb rilindje. \u00cbsht\u00eb gjithashtu nj\u00eb udh\u00ebtim brenda mureve sht\u00ebpiake t\u00eb familjeve italiane. Nj\u00eb udh\u00ebtim me tren ku nj\u00eb n\u00ebn\u00eb p\u00ebrballet me paragjykimin dhe nj\u00eb udh\u00ebtim n\u00eb dy aktivitete, Family Day dhe Gay Pride, n\u00eb po at\u00eb shesh ku gjith\u00e7ka ndryshoi. <\/P><br \/>\n<P>Sipas regjisorit Claudio Cipelletti, \u00abekzistojn\u00eb disa aspekte universale q\u00eb i p\u00ebrkasin marr\u00ebdh\u00ebnieve njer\u00ebzore dhe kan\u00eb t\u00eb b\u00ebjn\u00eb me lidhjen q\u00eb \u00e7dokush ka me familjar\u00ebt, prind\u00ebrit, f\u00ebmij\u00ebt, miqt\u00eb, partner\u00ebt. K\u00ebto jan\u00eb marr\u00ebdh\u00ebniet dhe ndjenjat q\u00eb jam munduar t\u00eb paraqes, p\u00ebr t\u2019u folur t\u00eb gjith\u00ebve njer\u00ebzve, qofshin homoseksual\u00eb apo jo. \u00cbsht\u00eb nj\u00eb p\u00ebrqasje pa kufij gjeografik\u00eb, si\u00e7 v\u00ebrteton edhe prezantimi i dokumentarit jasht\u00eb Italis\u00eb, tashm\u00eb i p\u00ebrkthyer n\u00eb tet\u00eb gjuh\u00eb. Uroj q\u00eb t\u00eb jet\u00eb nj\u00eb mund\u00ebsi q\u00eb t\u00eb gjith\u00eb personat LGBTI t\u00eb hapin zemrat e tyre, duke nisur pik\u00ebrisht nga familja\u201d.\u00a0 <\/P><br \/>\n<P>\u00a0<\/P><br \/>\n<P><IMG style=\"WIDTH: 595px; HEIGHT: 706px\" border=\"0\" alt=\"Agedo\/Certi Diritti\" src=\"\/resource\/2014\/05\/33048_f_Nuovaimmagine2.JPG\" width=\"1135\" height=\"1606\"><\/P><\/p>\n","protected":false},"excerpt":{"rendered":"Shoqatat Agedo dhe Associazione Radicale Certi Diritti, n\u00eb bashk\u00ebpunim me Ambasad\u00ebn e Italis\u00eb n\u00eb Tiran\u00eb dhe Institutin Italian t\u00eb Kultur\u00ebs, mor\u00ebn pjes\u00eb n\u00eb Festivalin e Diversitetit, organizuar nga Ambasada Pink ne bashkepunim me Shtepin\u00eb e t\u00eb Drejtave t\u00eb Njeriut dhe Open Mind Spectrum Albania, q\u00eb u mbajt n\u00eb Tiran\u00eb nga data 12 deri m\u00eb 17 [&hellip;]","protected":false},"author":1,"featured_media":0,"comment_status":"","ping_status":"","sticky":false,"template":"","format":"standard","meta":{"footnotes":""},"tags":[],"class_list":["post-4766","post","type-post","status-publish","format-standard","hentry"],"_links":{"self":[{"href":"https:\/\/ambtirana.esteri.it\/sq\/wp-json\/wp\/v2\/posts\/4766","targetHints":{"allow":["GET"]}}],"collection":[{"href":"https:\/\/ambtirana.esteri.it\/sq\/wp-json\/wp\/v2\/posts"}],"about":[{"href":"https:\/\/ambtirana.esteri.it\/sq\/wp-json\/wp\/v2\/types\/post"}],"author":[{"embeddable":true,"href":"https:\/\/ambtirana.esteri.it\/sq\/wp-json\/wp\/v2\/users\/1"}],"replies":[{"embeddable":true,"href":"https:\/\/ambtirana.esteri.it\/sq\/wp-json\/wp\/v2\/comments?post=4766"}],"version-history":[{"count":0,"href":"https:\/\/ambtirana.esteri.it\/sq\/wp-json\/wp\/v2\/posts\/4766\/revisions"}],"wp:attachment":[{"href":"https:\/\/ambtirana.esteri.it\/sq\/wp-json\/wp\/v2\/media?parent=4766"}],"wp:term":[{"taxonomy":"post_tag","embeddable":true,"href":"https:\/\/ambtirana.esteri.it\/sq\/wp-json\/wp\/v2\/tags?post=4766"}],"curies":[{"name":"wp","href":"https:\/\/api.w.org\/{rel}","templated":true}]}}