{"id":4787,"date":"2014-04-11T09:50:33","date_gmt":"2014-04-11T07:50:33","guid":{"rendered":"https:\/\/ambtirana.esteri.it\/news\/dall_ambasciata\/2014\/04\/sfilata-di-beneficenza-2\/"},"modified":"2014-04-11T09:50:33","modified_gmt":"2014-04-11T07:50:33","slug":"sfilata-di-beneficenza-2","status":"publish","type":"post","link":"https:\/\/ambtirana.esteri.it\/sq\/news\/dall_ambasciata\/2014\/04\/sfilata-di-beneficenza-2\/","title":{"rendered":"Sfilat\u00eb bamir\u00ebsie e organizuar nga Ambasada Italiane dhe Luisa Spagnoli p\u00ebr mbledhjen e fondeve p\u00ebr Sht\u00ebpin\u00eb e Foshnj\u00ebs s\u00eb Durr\u00ebsit."},"content":{"rendered":"<p><P>Ambasada e Italis\u00eb n\u00eb Tiran\u00eb dhe Kompania e mod\u00ebs Luisa Spagnoli, organizuan m\u00eb dat\u00eb 27 mars, pran\u00eb Rezidenc\u00ebs s\u00eb Italis\u00eb nj\u00eb sfilat\u00eb p\u00ebr t\u00eb paraqitur koleksionin Pranver\u00eb-Ver\u00eb 2014 t\u00eb Luisa Spagnoli-t, e vetmja kompani aktive n\u00eb prodhimin dhe shp\u00ebrndarjen e veshjeve dhe aksesor\u00ebve p\u00ebr femra n\u00eb tregun shqiptar me nj\u00eb pik\u00eb shitjeje t\u00eb drejp\u00ebrdrejt\u00eb. <\/P><P>T\u00eb gjith\u00eb pjes\u00ebmarr\u00ebsit ofruan nj\u00eb kontribut p\u00ebr mbledhjen e fondeve q\u00eb do t\u2019i shkojn\u00eb Sht\u00ebpis\u00eb s\u00eb Foshnj\u00ebs s\u00eb Durr\u00ebsit, struktur\u00eb shtet\u00ebrore q\u00eb strehon 50 f\u00ebmij\u00eb jetim\u00eb t\u00eb moshave nga 0 n\u00eb 6 vje\u00e7. Instituti ka nevoj\u00eb p\u00ebr nd\u00ebrhyrje urgjente dhe p\u00ebr materiale dhe sh\u00ebrbime p\u00ebr t\u00eb p\u00ebrmir\u00ebsuar kushtet e jetes\u00ebs s\u00eb f\u00ebmij\u00ebve.\u00a0 <\/P><br \/>\n<P>Ishin t\u00eb pranish\u00ebm p\u00ebrsonalite t\u00eb politik\u00ebs, biznesit, kultur\u00ebs dhe artit dhe medias. <\/P><br \/>\n<P><BR>\u00a0<\/P><\/p>\n","protected":false},"excerpt":{"rendered":"Ambasada e Italis\u00eb n\u00eb Tiran\u00eb dhe Kompania e mod\u00ebs Luisa Spagnoli, organizuan m\u00eb dat\u00eb 27 mars, pran\u00eb Rezidenc\u00ebs s\u00eb Italis\u00eb nj\u00eb sfilat\u00eb p\u00ebr t\u00eb paraqitur koleksionin Pranver\u00eb-Ver\u00eb 2014 t\u00eb Luisa Spagnoli-t, e vetmja kompani aktive n\u00eb prodhimin dhe shp\u00ebrndarjen e veshjeve dhe aksesor\u00ebve p\u00ebr femra n\u00eb tregun shqiptar me nj\u00eb pik\u00eb shitjeje t\u00eb drejp\u00ebrdrejt\u00eb. T\u00eb [&hellip;]","protected":false},"author":1,"featured_media":0,"comment_status":"","ping_status":"","sticky":false,"template":"","format":"standard","meta":{"footnotes":""},"tags":[],"class_list":["post-4787","post","type-post","status-publish","format-standard","hentry"],"_links":{"self":[{"href":"https:\/\/ambtirana.esteri.it\/sq\/wp-json\/wp\/v2\/posts\/4787","targetHints":{"allow":["GET"]}}],"collection":[{"href":"https:\/\/ambtirana.esteri.it\/sq\/wp-json\/wp\/v2\/posts"}],"about":[{"href":"https:\/\/ambtirana.esteri.it\/sq\/wp-json\/wp\/v2\/types\/post"}],"author":[{"embeddable":true,"href":"https:\/\/ambtirana.esteri.it\/sq\/wp-json\/wp\/v2\/users\/1"}],"replies":[{"embeddable":true,"href":"https:\/\/ambtirana.esteri.it\/sq\/wp-json\/wp\/v2\/comments?post=4787"}],"version-history":[{"count":0,"href":"https:\/\/ambtirana.esteri.it\/sq\/wp-json\/wp\/v2\/posts\/4787\/revisions"}],"wp:attachment":[{"href":"https:\/\/ambtirana.esteri.it\/sq\/wp-json\/wp\/v2\/media?parent=4787"}],"wp:term":[{"taxonomy":"post_tag","embeddable":true,"href":"https:\/\/ambtirana.esteri.it\/sq\/wp-json\/wp\/v2\/tags?post=4787"}],"curies":[{"name":"wp","href":"https:\/\/api.w.org\/{rel}","templated":true}]}}