{"id":4793,"date":"2014-04-02T09:41:39","date_gmt":"2014-04-02T07:41:39","guid":{"rendered":"https:\/\/ambtirana.esteri.it\/news\/dall_ambasciata\/2014\/04\/solo-mare-tra-di-noi-2\/"},"modified":"2014-04-02T09:41:39","modified_gmt":"2014-04-02T07:41:39","slug":"solo-mare-tra-di-noi-2","status":"publish","type":"post","link":"https:\/\/ambtirana.esteri.it\/sq\/news\/dall_ambasciata\/2014\/04\/solo-mare-tra-di-noi-2\/","title":{"rendered":"Projekt shk\u00ebmbimi nd\u00ebrkulturor nd\u00ebrmjet Italis\u00eb dhe Shqip\u00ebris\u00eb &#8211; Vet\u00ebm Deti mes Nesh"},"content":{"rendered":"<p><P>P\u00ebr her\u00eb t\u00eb par\u00eb, t\u00eb rinj t\u00eb nj\u00eb shkolle n\u00eb Bari marrin pjes\u00eb n\u00eb nj\u00eb projekt shk\u00ebmbimi nd\u00ebrkulturor nd\u00ebrmjet Italis\u00eb dhe Shqip\u00ebris\u00eb. <BR>Student\u00ebt e gjimnazit \u201cO. Flacco\u201d t\u00eb Bari-t do t\u00eb nisen p\u00ebr n\u00eb Shqip\u00ebri n\u00eb dat\u00ebn 8 prill, p\u00ebr t\u2019u takuar me student\u00ebt e gjimnazit \u201cI. Qemali\u201d n\u00eb Tiran\u00eb. <BR>Njohja mes t\u00eb rinjve ka ndodhur n\u00eb m\u00ebnyr\u00eb virtuale, q\u00eb nga janari i 2014, p\u00ebrmes rrjeteve sociale t\u00eb\u00a0 krijuar posa\u00e7\u00ebrisht nga Shoqata ITAL p\u00ebr zhvillimin e aktiviteteve p\u00ebrgatitore t\u00eb k\u00ebtij shk\u00ebmbimi nd\u00ebrkulturor. <BR>N\u00eb Tiran\u00eb, t\u00eb rinjt\u00eb nga Bari do t\u00eb zhvillojn\u00eb aktivitete shkollore pran\u00eb gjimnazit \u201cI. Qemali\u201d dhe do t\u00eb thellojn\u00eb njohjen historiko-artistike t\u00eb vendit t\u00eb Shqiponjave, p\u00ebrmes vizitave n\u00eb qendrat kryesore monumentale dhe arkeologjike, deri n\u00eb rikthimin n\u00eb Bari n\u00eb dat\u00ebn 13 prill. P\u00ebr t&#8217;u njohur me veprimtarit\u00eb e aktivitetit <A href=\"\/resource\/2014\/04\/31995_f_ProgrammaSoloilMaretradiNoi1.pdf\">kliko k\u00ebtu<\/A>. <\/P><P>\u00a0<\/P><br \/>\n<P>\u00a0<\/P><\/p>\n","protected":false},"excerpt":{"rendered":"P\u00ebr her\u00eb t\u00eb par\u00eb, t\u00eb rinj t\u00eb nj\u00eb shkolle n\u00eb Bari marrin pjes\u00eb n\u00eb nj\u00eb projekt shk\u00ebmbimi nd\u00ebrkulturor nd\u00ebrmjet Italis\u00eb dhe Shqip\u00ebris\u00eb. Student\u00ebt e gjimnazit \u201cO. Flacco\u201d t\u00eb Bari-t do t\u00eb nisen p\u00ebr n\u00eb Shqip\u00ebri n\u00eb dat\u00ebn 8 prill, p\u00ebr t\u2019u takuar me student\u00ebt e gjimnazit \u201cI. Qemali\u201d n\u00eb Tiran\u00eb. Njohja mes t\u00eb rinjve ka [&hellip;]","protected":false},"author":1,"featured_media":0,"comment_status":"","ping_status":"","sticky":false,"template":"","format":"standard","meta":{"footnotes":""},"tags":[],"class_list":["post-4793","post","type-post","status-publish","format-standard","hentry"],"_links":{"self":[{"href":"https:\/\/ambtirana.esteri.it\/sq\/wp-json\/wp\/v2\/posts\/4793","targetHints":{"allow":["GET"]}}],"collection":[{"href":"https:\/\/ambtirana.esteri.it\/sq\/wp-json\/wp\/v2\/posts"}],"about":[{"href":"https:\/\/ambtirana.esteri.it\/sq\/wp-json\/wp\/v2\/types\/post"}],"author":[{"embeddable":true,"href":"https:\/\/ambtirana.esteri.it\/sq\/wp-json\/wp\/v2\/users\/1"}],"replies":[{"embeddable":true,"href":"https:\/\/ambtirana.esteri.it\/sq\/wp-json\/wp\/v2\/comments?post=4793"}],"version-history":[{"count":0,"href":"https:\/\/ambtirana.esteri.it\/sq\/wp-json\/wp\/v2\/posts\/4793\/revisions"}],"wp:attachment":[{"href":"https:\/\/ambtirana.esteri.it\/sq\/wp-json\/wp\/v2\/media?parent=4793"}],"wp:term":[{"taxonomy":"post_tag","embeddable":true,"href":"https:\/\/ambtirana.esteri.it\/sq\/wp-json\/wp\/v2\/tags?post=4793"}],"curies":[{"name":"wp","href":"https:\/\/api.w.org\/{rel}","templated":true}]}}