{"id":4824,"date":"2014-03-04T12:22:08","date_gmt":"2014-03-04T11:22:08","guid":{"rendered":"https:\/\/ambtirana.esteri.it\/news\/dall_ambasciata\/2014\/03\/una-e-indivisibile-2\/"},"modified":"2014-03-04T12:22:08","modified_gmt":"2014-03-04T11:22:08","slug":"una-e-indivisibile-2","status":"publish","type":"post","link":"https:\/\/ambtirana.esteri.it\/sq\/news\/dall_ambasciata\/2014\/03\/una-e-indivisibile-2\/","title":{"rendered":"Nj\u00eb dhe e pandashme \u2013 Refleksione mbi 150 vitet e Italis\u00eb son\u00eb e Giorgio Napolitano prezantuar n\u00eb versionin shqip n\u00eb t\u00eb enjten letrare t\u00eb Institutit Italian t\u00eb Kultur\u00ebs n\u00eb Tiran\u00eb, e enjte 6 mars 2014, ora 18, Pallati i Kultur\u00ebs, Kati II, Sheshi Sk\u00ebnderbej \u2013 Tiran\u00eb"},"content":{"rendered":"<p><P>Nj\u00eb dhe e pandashme \u2013 Refleksione mbi 150 vitet e Italis\u00eb son\u00eb e Giorgio Napolitano<\/P><P>Me rastin e vizit\u00ebs n\u00eb Tiran\u00eb t\u00eb Presidentit t\u00eb Republik\u00ebs s\u00eb Italis\u00eb Giorgio Napolitano n\u00eb dt. 5 mars 2014, e enjtja letrare e Institutit Italian t\u00eb Kultur\u00ebs n\u00eb Tiran\u00eb, e programuar m\u00eb 6 mars 2014 n\u00eb or\u00ebn 18, do t\u2019i kushtohet prezantamit t\u00eb librit Una e Indivisibile \u2013 Riflessioni sui 150 anni della nostra Italia, p\u00ebrkthyer n\u00eb shqip nga Albanian Institute for International Studies, me titullin Nj\u00eb dhe e Pandashme \u2013 Refleksione mbi 150 vitet e Italis\u00eb son\u00eb.<BR>N\u00eb prani t\u00eb Ambasadorit t\u00eb Italis\u00eb Sh.T. Massimo Gaiani, reflektimet e Presidentit Napolitano mbi\u00a0 pro\u00e7esin e bashkimit t\u00eb Italis\u00eb do t\u00eb prezantohen nga Profesor Albert Rakipi, Drejtor i Albanian Institute for International Studies dhe nga Profesor P\u00ebllumb Xhufi, ish Ambasador i Shqip\u00ebrsi\u00eb n\u00eb Itali. <BR>Si\u00e7 shkruan Presidenti Giorgio Napolitano n\u00eb parath\u00ebnie t\u00eb botimit t\u00eb ri t\u00eb librit n\u00eb 2012-t\u00ebn, publikuar p\u00ebr her\u00eb t\u00eb par\u00eb n\u00eb 2011 me rastin e Nj\u00ebqindepes\u00ebdhjet\u00eb Vjetorit t\u00eb Bashkimit t\u00eb Italis\u00eb, \u00ebsht\u00eb e r\u00ebnd\u00ebsishme \u201ct\u2019i jepet nj\u00eb k\u00ebndv\u00ebshtim, p\u00ebrtej limiteve t\u00eb atij p\u00ebrvjetori, mesazhit q\u00eb p\u00ebrcjellin festimet dhe t\u00eb sigurohet vazhdim\u00ebsia e nj\u00eb p\u00ebrkushtimi t\u00eb pakufizuesh\u00ebm brenda nj\u00eb harku kohor t\u00eb shkurt\u00ebr\u201d. \u00cbsht\u00eb shum\u00eb e r\u00ebnd\u00ebsishme \u201ct\u00eb vazhdojm\u00eb t\u00eb g\u00ebrmojm\u00eb mbi historin\u00eb e Italis\u00eb s\u00eb bashkuar, ta studiojm\u00eb dhe ta diskutojm\u00eb at\u00eb, n\u00eb m\u00ebnyr\u00eb q\u00eb t\u00eb p\u00ebrhapet sa m\u00eb shum\u00eb vet\u00ebdija e trash\u00ebgimis\u00eb s\u00eb p\u00ebrvojave dhe vlerave q\u00eb ajo p\u00ebrmban, t\u00eb motiveve t\u00eb krenaris\u00eb dhe t\u00eb besimit q\u00eb mund t\u00eb p\u00ebrftojm\u00eb p\u00ebr t\u00eb fuqizuar komunitetit ton\u00eb komb\u00ebtar duke e vendosur n\u00eb kushte m\u00eb t\u00eb mira p\u00ebr t\u00eb p\u00ebrballuar sfidat e m\u00ebdha t\u00eb t\u00eb tashmes dhe t\u00eb s\u00eb ardhmes n\u00eb vijim\u201d.<BR>Botimi i librit \u00ebsht\u00eb, k\u00ebshtu, shum\u00eb aktual dhe do t\u2019i jap\u00eb mund\u00ebsi publikut shqiptar t\u00eb p\u00ebrshkoj\u00eb etapat e spikatura t\u00eb pro\u00e7esit t\u00eb bashkimit t\u00eb Italis\u00eb. <\/P><br \/>\n<P>\u00a0<\/P><\/p>\n","protected":false},"excerpt":{"rendered":"Nj\u00eb dhe e pandashme \u2013 Refleksione mbi 150 vitet e Italis\u00eb son\u00eb e Giorgio NapolitanoMe rastin e vizit\u00ebs n\u00eb Tiran\u00eb t\u00eb Presidentit t\u00eb Republik\u00ebs s\u00eb Italis\u00eb Giorgio Napolitano n\u00eb dt. 5 mars 2014, e enjtja letrare e Institutit Italian t\u00eb Kultur\u00ebs n\u00eb Tiran\u00eb, e programuar m\u00eb 6 mars 2014 n\u00eb or\u00ebn 18, do t\u2019i kushtohet [&hellip;]","protected":false},"author":1,"featured_media":0,"comment_status":"","ping_status":"","sticky":false,"template":"","format":"standard","meta":{"footnotes":""},"tags":[],"class_list":["post-4824","post","type-post","status-publish","format-standard","hentry"],"_links":{"self":[{"href":"https:\/\/ambtirana.esteri.it\/sq\/wp-json\/wp\/v2\/posts\/4824","targetHints":{"allow":["GET"]}}],"collection":[{"href":"https:\/\/ambtirana.esteri.it\/sq\/wp-json\/wp\/v2\/posts"}],"about":[{"href":"https:\/\/ambtirana.esteri.it\/sq\/wp-json\/wp\/v2\/types\/post"}],"author":[{"embeddable":true,"href":"https:\/\/ambtirana.esteri.it\/sq\/wp-json\/wp\/v2\/users\/1"}],"replies":[{"embeddable":true,"href":"https:\/\/ambtirana.esteri.it\/sq\/wp-json\/wp\/v2\/comments?post=4824"}],"version-history":[{"count":0,"href":"https:\/\/ambtirana.esteri.it\/sq\/wp-json\/wp\/v2\/posts\/4824\/revisions"}],"wp:attachment":[{"href":"https:\/\/ambtirana.esteri.it\/sq\/wp-json\/wp\/v2\/media?parent=4824"}],"wp:term":[{"taxonomy":"post_tag","embeddable":true,"href":"https:\/\/ambtirana.esteri.it\/sq\/wp-json\/wp\/v2\/tags?post=4824"}],"curies":[{"name":"wp","href":"https:\/\/api.w.org\/{rel}","templated":true}]}}