{"id":4830,"date":"2014-02-24T16:28:24","date_gmt":"2014-02-24T15:28:24","guid":{"rendered":"https:\/\/ambtirana.esteri.it\/news\/dall_ambasciata\/2014\/02\/inaugurazione-consolato-onorario-a-scutari-2\/"},"modified":"2014-02-24T16:28:24","modified_gmt":"2014-02-24T15:28:24","slug":"inaugurazione-consolato-onorario-a-scutari-2","status":"publish","type":"post","link":"https:\/\/ambtirana.esteri.it\/sq\/news\/dall_ambasciata\/2014\/02\/inaugurazione-consolato-onorario-a-scutari-2\/","title":{"rendered":"P\u00ebrurimi i Konsullat\u00ebs s\u00eb nderit n\u00eb Shkod\u00ebr."},"content":{"rendered":"<p><P>Ambasada e Italis\u00eb n\u00eb Tiran\u00eb ka k\u00ebnaq\u00ebsin\u00eb t\u00eb njoftoj\u00eb se dit\u00ebn e m\u00ebrkur\u00eb, dat\u00eb 26 shkurt, n\u00eb or\u00ebn 10.30, do t\u00eb b\u00ebhet p\u00ebrurimi i Konsullat\u00ebs s\u00eb re t\u00eb nderit n\u00eb Shkod\u00ebr, n\u00eb pranin\u00eb e Ambasadorit Massimo Gaiani, t\u00eb p\u00ebrq\u00ebsuesve t\u00eb Qeveris\u00eb shqiptare, t\u00eb Kryetarit t\u00eb Bashkis\u00eb s\u00eb Shkodr\u00ebs\u00a0 Lorenc Luka, t\u00eb Prefektit Paulin Radovani, t\u00eb Kryetarit t\u00eb K\u00ebshillit t\u00eb Qarkut Shkod\u00ebr Maxhid Cungu dhe t\u00eb autoriteve kryesore qeveritare dhe fetare te juridiksionit t\u00eb ri konsullor.\u00a0 <\/P><P>P\u00ebrfaq\u00ebsuesit e mediave do t\u00eb ken\u00eb mund\u00ebsin\u00eb t\u00eb marrin pjes\u00eb n\u00eb ceremonin\u00eb e p\u00ebrurimit (n\u00eb rast se duan t\u00eb sistemojn\u00eb aparaturat jan\u00eb t\u00eb lutur t\u00eb vijn\u00eb para or\u00ebs 10.00). <\/P><br \/>\n<P>Q\u00ebllimi i Qeveris\u00eb italiane p\u00ebr t\u00eb hapur nj\u00eb Konsullat\u00eb Nderi n\u00eb qytetin e Shkodr\u00ebs (q\u00eb do t\u00eb z\u00ebvend\u00ebsoj\u00eb Konsullat\u00ebn e m\u00ebparshme,\u00a0 mbyllur m\u00eb 1 dhjetor t\u00eb vitit t\u00eb kaluar), ishte njoftuar n\u00eb muajin tetor t\u00eb vitit t\u00eb kaluar nga Ministrja e Pun\u00ebve t\u00eb Jashtme e at\u00ebhershme Emma Bonino, e cila, gjat\u00eb vizit\u00ebs n\u00eb Tiran\u00eb, siguroi pal\u00ebn shqiptare mbi vendosm\u00ebrine dhe vullnetin e Italis\u00eb per t\u2019u kujdesur, me v\u00ebmendjen e duhur, p\u00ebr marr\u00ebdh\u00ebniet tradicionale dhe t\u00eb ngushta me zon\u00ebn e Veriut t\u00eb Shqip\u00ebris\u00eb.\u00a0\u00a0 <BR>Juridiksioni i Konsullat\u00ebs s\u00eb nderit, q\u00eb do t\u00eb vendoset n\u00eb godin\u00ebn historike t\u00eb Konsullat\u00ebs (Pallati Italia, Rruga Don Bosko, Shkoder), do t\u00eb shtrihet n\u00eb t\u00eb gjith\u00eb veriun e Vendit (Qarku Shkod\u00ebr, Mal\u00ebsi e Madhe, Lezh\u00eb, Tropoj\u00eb, Puk\u00eb, Mirdit\u00eb, Has, Kuk\u00ebs e Dib\u00ebr).\u00a0\u00a0\u00a0 <\/P><br \/>\n<P>Konsullata e re e Nderit synon t\u00eb b\u00ebhet nj\u00eb pik\u00eb referimi si p\u00ebr qytetar\u00ebt italian\u00eb ashtu edhe p\u00ebr autoritetet dhe organizatat shqiptare dhe italiane t\u00eb pranishme n\u00eb veri t\u00eb Shqip\u00ebris\u00eb, p\u00ebr t\u00eb favorizuar dhe p\u00ebr t\u00eb forcuar m\u00eb tej bashk\u00ebpunimin italo-shqiptar n\u00eb fush\u00ebn ekonomike, tregtare, sociale dhe kulturore.\u00a0 <\/P><br \/>\n<P>Gjat\u00eb ceremonis\u00eb do t\u00eb b\u00ebhet prezantimi i Konsullit t\u00eb Nderit, prof. Vito Antonio Stigliani, me sh\u00ebrbim n\u00eb Shqip\u00ebri edhe m\u00eb par\u00eb pran\u00eb Ambasad\u00ebs Italiane n\u00eb Tiran\u00eb n\u00eb cil\u00ebsin\u00eb e drejtuesit shkollor dhe nd\u00ebr vite i angazhuar n\u00eb drejtimin e projekteve t\u00eb shumta p\u00ebr promovimin e marr\u00ebdh\u00ebnieve italo-shqiptare dhe t\u00eb p\u00ebrhapjes s\u00eb m\u00ebsimdh\u00ebnies s\u00eb gjuh\u00ebs italiane n\u00eb Shqip\u00ebri.\u00a0 <\/P><br \/>\n<P>Pas ceremonis\u00eb, Konsulli i nderit Vito Antonio Stigliani do t\u00eb prezantohet zyrtarisht nga Ambasadori i Italis\u00eb Massimo Gaiani n\u00eb takime t\u00eb ve\u00e7anta me Kryetarin e Bashkis\u00eb s\u00eb Shkodr\u00ebs Lorenc Luka dhe Prefektin e qytetit, Paulin Radovani.\u00a0 Pas takimit me Kryetarin e Bashkis\u00eb Luka \u00ebsht\u00eb parashikuar dhe nj\u00eb takim i shkurt\u00ebr me shtypin. <BR><\/P><\/p>\n","protected":false},"excerpt":{"rendered":"Ambasada e Italis\u00eb n\u00eb Tiran\u00eb ka k\u00ebnaq\u00ebsin\u00eb t\u00eb njoftoj\u00eb se dit\u00ebn e m\u00ebrkur\u00eb, dat\u00eb 26 shkurt, n\u00eb or\u00ebn 10.30, do t\u00eb b\u00ebhet p\u00ebrurimi i Konsullat\u00ebs s\u00eb re t\u00eb nderit n\u00eb Shkod\u00ebr, n\u00eb pranin\u00eb e Ambasadorit Massimo Gaiani, t\u00eb p\u00ebrq\u00ebsuesve t\u00eb Qeveris\u00eb shqiptare, t\u00eb Kryetarit t\u00eb Bashkis\u00eb s\u00eb Shkodr\u00ebs\u00a0 Lorenc Luka, t\u00eb Prefektit Paulin Radovani, t\u00eb [&hellip;]","protected":false},"author":1,"featured_media":0,"comment_status":"","ping_status":"","sticky":false,"template":"","format":"standard","meta":{"footnotes":""},"tags":[],"class_list":["post-4830","post","type-post","status-publish","format-standard","hentry"],"_links":{"self":[{"href":"https:\/\/ambtirana.esteri.it\/sq\/wp-json\/wp\/v2\/posts\/4830","targetHints":{"allow":["GET"]}}],"collection":[{"href":"https:\/\/ambtirana.esteri.it\/sq\/wp-json\/wp\/v2\/posts"}],"about":[{"href":"https:\/\/ambtirana.esteri.it\/sq\/wp-json\/wp\/v2\/types\/post"}],"author":[{"embeddable":true,"href":"https:\/\/ambtirana.esteri.it\/sq\/wp-json\/wp\/v2\/users\/1"}],"replies":[{"embeddable":true,"href":"https:\/\/ambtirana.esteri.it\/sq\/wp-json\/wp\/v2\/comments?post=4830"}],"version-history":[{"count":0,"href":"https:\/\/ambtirana.esteri.it\/sq\/wp-json\/wp\/v2\/posts\/4830\/revisions"}],"wp:attachment":[{"href":"https:\/\/ambtirana.esteri.it\/sq\/wp-json\/wp\/v2\/media?parent=4830"}],"wp:term":[{"taxonomy":"post_tag","embeddable":true,"href":"https:\/\/ambtirana.esteri.it\/sq\/wp-json\/wp\/v2\/tags?post=4830"}],"curies":[{"name":"wp","href":"https:\/\/api.w.org\/{rel}","templated":true}]}}