{"id":4836,"date":"2014-02-21T12:32:01","date_gmt":"2014-02-21T11:32:01","guid":{"rendered":"https:\/\/ambtirana.esteri.it\/news\/dall_ambasciata\/2014\/02\/conoscere-curare-mostrare-2\/"},"modified":"2014-02-21T12:32:01","modified_gmt":"2014-02-21T11:32:01","slug":"conoscere-curare-mostrare-2","status":"publish","type":"post","link":"https:\/\/ambtirana.esteri.it\/sq\/news\/dall_ambasciata\/2014\/02\/conoscere-curare-mostrare-2\/","title":{"rendered":"T\u00eb njoh\u00ebsh, t\u00eb ruash, t\u00eb shfaq\u00ebsh"},"content":{"rendered":"<p><P>K\u00ebrkimet italiane mbi trash\u00ebgimin\u00eb arkeologjike dhe monumentale n\u00eb Shqip\u00ebri<BR>P\u00ebrurimi: 25 shkurt 2014, ora 12<BR>Muzeu Historik Komb\u00ebtar n\u00eb Tiran\u00eb<\/P><P>Instituti Italian i Kultur\u00ebs ka k\u00ebnaq\u00ebsin\u00eb t\u00eb njoftoj\u00eb\u00a0se m\u00eb 25 shkurt, ora 12, pran\u00eb Muzeut Historik Kom\u00ebtar n\u00eb Tiran\u00eb, do t\u00eb p\u00ebrurohet ekspozita me titull T\u00eb njoh\u00ebsh, T\u00eb ruash, T\u00eb shfaq\u00ebsh. K\u00ebrkimet italiane mbi trash\u00ebgimin\u00eb arkeologjike dhe monumentale n\u00eb Shqip\u00ebri.<BR>Nisma \u00ebsht\u00eb fryt i bashk\u00ebpunimit t\u00eb tre universiteteve italiane (Politeknikut t\u00eb Barit, Universitetit t\u00eb Parm\u00ebs dhe atij t\u00eb Chieti-Pescara-s) prej vitesh t\u00eb angazhuara n\u00eb k\u00ebrkimet mbi trash\u00ebgimin\u00eb arkeologjike dhe arkitektonike n\u00eb Shqip\u00ebri n\u00eb bashk\u00ebpunim me Institutin e Monumenteve t\u00eb Kultur\u00ebs dhe Institutin e Arkeologjis\u00eb n\u00eb Shqip\u00ebri.<\/P><br \/>\n<P>Ekpsert\u00eb t\u00eb tri disiplinave t\u00eb ndryshme \u2013 arkeologjis\u00eb, arkitektur\u00ebs dhe muzeologjis\u00eb \u2013 do t\u00eb bashkohen, fal\u00eb rolit koordinues t\u00eb Institutit Italian t\u00eb Kultur\u00ebs, me q\u00ebllimin e p\u00ebrbashk\u00ebt p\u00ebr\u00a0t\u00eb vler\u00ebsuar trash\u00ebgimis\u00eb\u00a0kulturore dhe do p\u00ebr t\u00eb prezantuar kat\u00ebr projekte q\u00eb kan\u00eb t\u00eb b\u00ebjn\u00eb me Muzeun Arkeologjik n\u00eb Durr\u00ebs, Amfiteatrin n\u00eb Durr\u00ebs dhe\u00a0 Muzeun Arkeologjik n\u00eb\u00a0Tiran\u00eb. <BR>Projektet lidhur me Muzeun Arkeologjik n\u00eb Durr\u00ebs dhe Tiran\u00eb\u00a0 jan\u00eb\u00a0 realizuar nga DICAR (Departamenti i Shkencave t\u00eb Inxhinieris\u00eb Civile dhe Arkitektur\u00ebs) dhe Politekniku i Barit me koordinimin e Profesoresh\u00ebs Anna Bruna Menghini, nd\u00ebrsa projekti i vler\u00ebsimit t\u00eb Amfiteatrit n\u00eb Durr\u00ebsit, i formuluar n\u00eb dy versione t\u00eb ndryshme n\u00eb kuad\u00ebr\u00a0 t\u00eb Misionit t\u00eb Arkeologjis\u00eb Italiane n\u00eb Durr\u00ebs (Universiteti i Parma-s, Universiteti i Chieti-Pescara-s, Ministria e Pun\u00ebve t\u00eb Jashme) n\u00eb bashk\u00ebpunim me Institutin e Arkeologjis\u00eb n\u00eb Shqip\u00ebri dhe Institutin e Monumenteve t\u00eb Kultur\u00ebs, fal\u00eb profesor\u00ebve Sara Santoro, Paolo Giandebiaggi dhe Claudio Varagnoli.<\/P><br \/>\n<P>P\u00ebrurimi i ekspozit\u00ebs, q\u00eb do t\u00eb q\u00ebndroj\u00eb e hapur deri m\u00eb 1 mars, do t\u00eb paraprihet nga nj\u00eb tryez\u00eb pune p\u00ebr ekspert\u00ebt e sektorit, me q\u00ebllimin p\u00ebr t\u00eb intensifikuar bashk\u00ebpunimet shkencore dhe k\u00ebrkimet e p\u00ebrbashk\u00ebta mes Universiteteve italiane dhe Institucioneve shqiptare. Ekspozita do t\u00eb pasurohet nga nj\u00eb katalog q\u00eb do t\u00eb p\u00ebrmbledh\u00eb kontributet e tre universiteteve t\u00eb p\u00ebrfshir\u00eb n\u00eb projektin e vler\u00ebsimit t\u00eb trash\u00ebgimis\u00eb arkeologjike shqiptare.\u00a0\u00a0\u00a0<\/P><br \/>\n<P><IMG border=\"0\" alt=\"Locandina\" src=\"\/resource\/2014\/02\/31066_f_locandinaweb21x22.jpg\">\u00a0\u00a0 <BR><\/P><\/p>\n","protected":false},"excerpt":{"rendered":"K\u00ebrkimet italiane mbi trash\u00ebgimin\u00eb arkeologjike dhe monumentale n\u00eb Shqip\u00ebriP\u00ebrurimi: 25 shkurt 2014, ora 12Muzeu Historik Komb\u00ebtar n\u00eb Tiran\u00ebInstituti Italian i Kultur\u00ebs ka k\u00ebnaq\u00ebsin\u00eb t\u00eb njoftoj\u00eb\u00a0se m\u00eb 25 shkurt, ora 12, pran\u00eb Muzeut Historik Kom\u00ebtar n\u00eb Tiran\u00eb, do t\u00eb p\u00ebrurohet ekspozita me titull T\u00eb njoh\u00ebsh, T\u00eb ruash, T\u00eb shfaq\u00ebsh. K\u00ebrkimet italiane mbi trash\u00ebgimin\u00eb arkeologjike dhe monumentale [&hellip;]","protected":false},"author":1,"featured_media":0,"comment_status":"","ping_status":"","sticky":false,"template":"","format":"standard","meta":{"footnotes":""},"tags":[],"class_list":["post-4836","post","type-post","status-publish","format-standard","hentry"],"_links":{"self":[{"href":"https:\/\/ambtirana.esteri.it\/sq\/wp-json\/wp\/v2\/posts\/4836","targetHints":{"allow":["GET"]}}],"collection":[{"href":"https:\/\/ambtirana.esteri.it\/sq\/wp-json\/wp\/v2\/posts"}],"about":[{"href":"https:\/\/ambtirana.esteri.it\/sq\/wp-json\/wp\/v2\/types\/post"}],"author":[{"embeddable":true,"href":"https:\/\/ambtirana.esteri.it\/sq\/wp-json\/wp\/v2\/users\/1"}],"replies":[{"embeddable":true,"href":"https:\/\/ambtirana.esteri.it\/sq\/wp-json\/wp\/v2\/comments?post=4836"}],"version-history":[{"count":0,"href":"https:\/\/ambtirana.esteri.it\/sq\/wp-json\/wp\/v2\/posts\/4836\/revisions"}],"wp:attachment":[{"href":"https:\/\/ambtirana.esteri.it\/sq\/wp-json\/wp\/v2\/media?parent=4836"}],"wp:term":[{"taxonomy":"post_tag","embeddable":true,"href":"https:\/\/ambtirana.esteri.it\/sq\/wp-json\/wp\/v2\/tags?post=4836"}],"curies":[{"name":"wp","href":"https:\/\/api.w.org\/{rel}","templated":true}]}}